{"id":3927,"date":"2024-03-21T16:59:56","date_gmt":"2024-03-21T19:59:56","guid":{"rendered":"https:\/\/cmsf.org.ar\/sitio\/?p=3927"},"modified":"2024-03-21T16:59:56","modified_gmt":"2024-03-21T19:59:56","slug":"curso-para-choferes-de-ambulancias-lunes-29-de-abril","status":"publish","type":"post","link":"https:\/\/colmedicosantafe1.org.ar\/?p=3927","title":{"rendered":"Curso para conductores de ambulancias \u2013 Lunes 1 de Julio"},"content":{"rendered":"<p><img decoding=\"async\" class=\"pull-left size-full wp-image-3926\" style=\"margin: 5px;\" src=\"https:\/\/colmedicosantafe1.org.ar\/wp-content\/uploads\/2024\/03\/Ambulancia-2.jpg\" width=\"200\" srcset=\"https:\/\/colmedicosantafe1.org.ar\/wp-content\/uploads\/2024\/03\/Ambulancia-2.jpg 1000w, https:\/\/colmedicosantafe1.org.ar\/wp-content\/uploads\/2024\/03\/Ambulancia-2-300x246.jpg 300w, https:\/\/colmedicosantafe1.org.ar\/wp-content\/uploads\/2024\/03\/Ambulancia-2-768x629.jpg 768w\" sizes=\"(max-width: 1000px) 100vw, 1000px\" \/>El Colegio de M\u00e9dicos de la Provincia de Santa Fe 1ra. Circunscripci\u00f3n, organiza una nueva edici\u00f3n del curso de capacitaci\u00f3n para conductores de ambulancias. Ser\u00e1 el lunes 1 de julio y desarrollar\u00e1 de manera presencial en la sede de nuestra instituci\u00f3n. Se aprueba con una evaluaci\u00f3n final on-line. Curso arancelado.\u00a0<a href=\"https:\/\/forms.gle\/PF4RLzZP4duSqEYU7\" target=\"_blank\" rel=\"noopener noreferrer\">Formulario de Inscripci\u00f3n.<\/a><\/p>\n<p><!--more--><\/p>\n<p>\u00a0<\/p>\n<p>\u00a0<\/p>\n<p>Se encuentra abierta la inscripci\u00f3n al \u201cCurso para conductores de ambulancia\u201d organizado por el Colegio de M\u00e9dicos de Santa Fe.<\/p>\n<p>El mismo se desarrollar\u00e1 el lunes 1 de julio mes de junio en la sede de nuestra instituci\u00f3n ubicada en 9 de Julio 2464 de la ciudad de Santa Fe.<\/p>\n<p>\u00a0<\/p>\n<p><strong>Contenidos<\/strong><\/p>\n<p>&#8211; Caracter\u00edsticas de las Unidades utilizadas por nuestro sistema.\u00a0<\/p>\n<p>&#8211; El Chofer Profesional. Consideraciones a tener en cuenta.\u00a0<\/p>\n<p>&#8211; Manejo Defensivo. Lo que debo saber.\u00a0<\/p>\n<p>&#8211; La Trilog\u00eda Vial. Debilidades y fortalezas de cada factor.<\/p>\n<p>&#8211; La prevenci\u00f3n como herramienta de trabajo. Documentaci\u00f3n y aspectos de competencia personal.<\/p>\n<p>&#8211; El &#8220;chek list&#8221;. Su composici\u00f3n, importancia y forma de cargarlo en el sistema.<\/p>\n<p>&#8211; Diferencia entre chofer y conductor.<\/p>\n<p>&#8211; Grado de competencia en el trabajo. Deberes, obligaciones y responsabilidades.<\/p>\n<p>&#8211; Aspectos destacados de la Ley de Tr\u00e1nsito y su aplicaci\u00f3n a nuestra labor.<\/p>\n<p>\u00a0<\/p>\n<p><strong>Din\u00e1mica de clase<\/strong><\/p>\n<p>&#8211; Conducci\u00f3n y leyes regulatorias.<\/p>\n<p>&#8211; Primeros Auxilios b\u00e1sicos.<\/p>\n<p>&#8211; Aparatolog\u00eda.<\/p>\n<p>&#8211; Pr\u00e1ctica de din\u00e1mica de trabajo.<\/p>\n<p>\u00a0<\/p>\n<p>Este curso es arancelado. Consultar formas de pago.<\/p>\n<p>\u00a0<\/p>\n<p><strong>Informaci\u00f3n y consulta<\/strong><\/p>\n<p>Colegio M\u00e9dico de Santa Fe 1ra. Circunscripci\u00f3n:<\/p>\n<p>9 de Julio 2464 \u2013 3000 \u2013 Santa Fe.<\/p>\n<p>Tel\u00e9fono (0342) 4520176\/77\/82 interno 7<\/p>\n<p>Cel: +5493425289747<\/p>\n<p>Correo electr\u00f3nico: <a href=\"mailto:marianam@cmsf.org.ar\">marianam@cmsf.org.ar<\/a><\/p>\n<p>\u00a0<\/p>\n","protected":false},"excerpt":{"rendered":"<p>El Colegio de M\u00e9dicos de la Provincia de Santa Fe 1ra. Circunscripci\u00f3n, organiza una nueva edici\u00f3n del curso de capacitaci\u00f3n para conductores de ambulancias. Ser\u00e1 el lunes 1 de julio y desarrollar\u00e1 de manera presencial en la sede de nuestra instituci\u00f3n. Se aprueba con una evaluaci\u00f3n final on-line. Curso arancelado.\u00a0Formulario de Inscripci\u00f3n.<\/p>\n","protected":false},"author":1,"featured_media":3926,"comment_status":"open","ping_status":"open","sticky":true,"template":"","format":"standard","meta":{"_uag_custom_page_level_css":"","_jetpack_memberships_contains_paid_content":false,"footnotes":""},"categories":[30],"tags":[],"class_list":["post-3927","post","type-post","status-publish","format-standard","has-post-thumbnail","hentry","category-cursos"],"jetpack_sharing_enabled":true,"jetpack_featured_media_url":"https:\/\/colmedicosantafe1.org.ar\/wp-content\/uploads\/2024\/03\/Ambulancia-2.jpg","uagb_featured_image_src":{"full":["https:\/\/colmedicosantafe1.org.ar\/wp-content\/uploads\/2024\/03\/Ambulancia-2.jpg",1000,819,false],"thumbnail":["https:\/\/colmedicosantafe1.org.ar\/wp-content\/uploads\/2024\/03\/Ambulancia-2-150x150.jpg",150,150,true],"medium":["https:\/\/colmedicosantafe1.org.ar\/wp-content\/uploads\/2024\/03\/Ambulancia-2-300x246.jpg",300,246,true],"medium_large":["https:\/\/colmedicosantafe1.org.ar\/wp-content\/uploads\/2024\/03\/Ambulancia-2-768x629.jpg",768,629,true],"large":["https:\/\/colmedicosantafe1.org.ar\/wp-content\/uploads\/2024\/03\/Ambulancia-2.jpg",1000,819,false],"1536x1536":["https:\/\/colmedicosantafe1.org.ar\/wp-content\/uploads\/2024\/03\/Ambulancia-2.jpg",1000,819,false],"2048x2048":["https:\/\/colmedicosantafe1.org.ar\/wp-content\/uploads\/2024\/03\/Ambulancia-2.jpg",1000,819,false]},"uagb_author_info":{"display_name":"admin","author_link":"https:\/\/colmedicosantafe1.org.ar\/?author=1"},"uagb_comment_info":0,"uagb_excerpt":"El Colegio de M\u00e9dicos de la Provincia de Santa Fe 1ra. Circunscripci\u00f3n, organiza una nueva edici\u00f3n del curso de capacitaci\u00f3n para conductores de ambulancias. Ser\u00e1 el lunes 1 de julio y desarrollar\u00e1 de manera presencial en la sede de nuestra instituci\u00f3n. Se aprueba con una evaluaci\u00f3n final on-line. Curso arancelado.\u00a0Formulario de Inscripci\u00f3n.","_links":{"self":[{"href":"https:\/\/colmedicosantafe1.org.ar\/index.php?rest_route=\/wp\/v2\/posts\/3927","targetHints":{"allow":["GET"]}}],"collection":[{"href":"https:\/\/colmedicosantafe1.org.ar\/index.php?rest_route=\/wp\/v2\/posts"}],"about":[{"href":"https:\/\/colmedicosantafe1.org.ar\/index.php?rest_route=\/wp\/v2\/types\/post"}],"author":[{"embeddable":true,"href":"https:\/\/colmedicosantafe1.org.ar\/index.php?rest_route=\/wp\/v2\/users\/1"}],"replies":[{"embeddable":true,"href":"https:\/\/colmedicosantafe1.org.ar\/index.php?rest_route=%2Fwp%2Fv2%2Fcomments&post=3927"}],"version-history":[{"count":0,"href":"https:\/\/colmedicosantafe1.org.ar\/index.php?rest_route=\/wp\/v2\/posts\/3927\/revisions"}],"wp:featuredmedia":[{"embeddable":true,"href":"https:\/\/colmedicosantafe1.org.ar\/index.php?rest_route=\/wp\/v2\/media\/3926"}],"wp:attachment":[{"href":"https:\/\/colmedicosantafe1.org.ar\/index.php?rest_route=%2Fwp%2Fv2%2Fmedia&parent=3927"}],"wp:term":[{"taxonomy":"category","embeddable":true,"href":"https:\/\/colmedicosantafe1.org.ar\/index.php?rest_route=%2Fwp%2Fv2%2Fcategories&post=3927"},{"taxonomy":"post_tag","embeddable":true,"href":"https:\/\/colmedicosantafe1.org.ar\/index.php?rest_route=%2Fwp%2Fv2%2Ftags&post=3927"}],"curies":[{"name":"wp","href":"https:\/\/api.w.org\/{rel}","templated":true}]}}