{"id":3905,"date":"2024-01-20T13:20:51","date_gmt":"2024-01-20T16:20:51","guid":{"rendered":"https:\/\/cmsf.org.ar\/sitio\/?p=3905"},"modified":"2024-01-20T13:20:51","modified_gmt":"2024-01-20T16:20:51","slug":"solicitud-al-colegio-de-farmaceuticos-de-santa-fe","status":"publish","type":"post","link":"https:\/\/colmedicosantafe1.org.ar\/?p=3905","title":{"rendered":"Solicitud al Colegio de Farmac\u00e9uticos de Santa Fe"},"content":{"rendered":"<p><img decoding=\"async\" class=\"pull-left size-full wp-image-3859\" style=\"margin: 5px;\" src=\"https:\/\/colmedicosantafe1.org.ar\/wp-content\/uploads\/2023\/09\/Logo-CMSF-en-vidrio-2.jpg\" width=\"200\" srcset=\"https:\/\/colmedicosantafe1.org.ar\/wp-content\/uploads\/2023\/09\/Logo-CMSF-en-vidrio-2.jpg 937w, https:\/\/colmedicosantafe1.org.ar\/wp-content\/uploads\/2023\/09\/Logo-CMSF-en-vidrio-2-300x222.jpg 300w, https:\/\/colmedicosantafe1.org.ar\/wp-content\/uploads\/2023\/09\/Logo-CMSF-en-vidrio-2-768x568.jpg 768w\" sizes=\"(max-width: 937px) 100vw, 937px\" \/>El Colegio de M\u00e9dicos de Santa Fe, 1ra Circunscripci\u00f3n, solicit\u00f3 la intervenci\u00f3n del Colegio de Farmac\u00e9uticos ante declaraciones period\u00edsticas agraviantes hacia m\u00e9dicos y m\u00e9dicas formuladas por un profesional enrolado en dicha instituci\u00f3n.<\/p>\n<p><!--more--><\/p>\n<p>\u00a0<\/p>\n<p>\u00a0<\/p>\n<p>\u00a0<\/p>\n<p>El Colegio de M\u00e9dicos de Santa Fe, 1ra. Circunscripci\u00f3n, solicit\u00f3 a trav\u00e9s de una nota la intervenci\u00f3n del Colegio de Farmac\u00e9uticos ante declaraciones period\u00edsticas agraviantes hacia m\u00e9dicos y m\u00e9dicas formuladas por un profesional enrolado en dicha instituci\u00f3n.<\/p>\n<p>Entendemos que dichas declaraciones han excedido las normas del C\u00f3digo de \u00c9tica de los profesionales de salud contenido en la Ley 4931.<\/p>\n<p>Adjuntamos nota enviada al Colegio de Farmac\u00e9uticos de Santa Fe, 1ra. Circunscripci\u00f3n.<\/p>\n<p><img decoding=\"async\" class=\"pull-center size-full wp-image-3904\" style=\"margin: 5px;\" src=\"https:\/\/colmedicosantafe1.org.ar\/wp-content\/uploads\/2024\/01\/nota-farmaceuticos-caso-Figueroa-1-1_page-0001.jpg\" width=\"400\" srcset=\"https:\/\/colmedicosantafe1.org.ar\/wp-content\/uploads\/2024\/01\/nota-farmaceuticos-caso-Figueroa-1-1_page-0001.jpg 1241w, https:\/\/colmedicosantafe1.org.ar\/wp-content\/uploads\/2024\/01\/nota-farmaceuticos-caso-Figueroa-1-1_page-0001-212x300.jpg 212w, https:\/\/colmedicosantafe1.org.ar\/wp-content\/uploads\/2024\/01\/nota-farmaceuticos-caso-Figueroa-1-1_page-0001-724x1024.jpg 724w, https:\/\/colmedicosantafe1.org.ar\/wp-content\/uploads\/2024\/01\/nota-farmaceuticos-caso-Figueroa-1-1_page-0001-768x1086.jpg 768w, https:\/\/colmedicosantafe1.org.ar\/wp-content\/uploads\/2024\/01\/nota-farmaceuticos-caso-Figueroa-1-1_page-0001-1086x1536.jpg 1086w\" sizes=\"(max-width: 1241px) 100vw, 1241px\" \/><\/p>\n","protected":false},"excerpt":{"rendered":"<p>El Colegio de M\u00e9dicos de Santa Fe, 1ra Circunscripci\u00f3n, solicit\u00f3 la intervenci\u00f3n del Colegio de Farmac\u00e9uticos ante declaraciones period\u00edsticas agraviantes hacia m\u00e9dicos y m\u00e9dicas formuladas por un profesional enrolado en dicha instituci\u00f3n.<\/p>\n","protected":false},"author":1,"featured_media":3859,"comment_status":"open","ping_status":"open","sticky":true,"template":"","format":"standard","meta":{"_uag_custom_page_level_css":"","_jetpack_memberships_contains_paid_content":false,"footnotes":""},"categories":[6],"tags":[],"class_list":["post-3905","post","type-post","status-publish","format-standard","has-post-thumbnail","hentry","category-noticias"],"jetpack_sharing_enabled":true,"jetpack_featured_media_url":"https:\/\/colmedicosantafe1.org.ar\/wp-content\/uploads\/2023\/09\/Logo-CMSF-en-vidrio-2.jpg","uagb_featured_image_src":{"full":["https:\/\/colmedicosantafe1.org.ar\/wp-content\/uploads\/2023\/09\/Logo-CMSF-en-vidrio-2.jpg",937,693,false],"thumbnail":["https:\/\/colmedicosantafe1.org.ar\/wp-content\/uploads\/2023\/09\/Logo-CMSF-en-vidrio-2-150x150.jpg",150,150,true],"medium":["https:\/\/colmedicosantafe1.org.ar\/wp-content\/uploads\/2023\/09\/Logo-CMSF-en-vidrio-2-300x222.jpg",300,222,true],"medium_large":["https:\/\/colmedicosantafe1.org.ar\/wp-content\/uploads\/2023\/09\/Logo-CMSF-en-vidrio-2-768x568.jpg",768,568,true],"large":["https:\/\/colmedicosantafe1.org.ar\/wp-content\/uploads\/2023\/09\/Logo-CMSF-en-vidrio-2.jpg",937,693,false],"1536x1536":["https:\/\/colmedicosantafe1.org.ar\/wp-content\/uploads\/2023\/09\/Logo-CMSF-en-vidrio-2.jpg",937,693,false],"2048x2048":["https:\/\/colmedicosantafe1.org.ar\/wp-content\/uploads\/2023\/09\/Logo-CMSF-en-vidrio-2.jpg",937,693,false]},"uagb_author_info":{"display_name":"admin","author_link":"https:\/\/colmedicosantafe1.org.ar\/?author=1"},"uagb_comment_info":0,"uagb_excerpt":"El Colegio de M\u00e9dicos de Santa Fe, 1ra Circunscripci\u00f3n, solicit\u00f3 la intervenci\u00f3n del Colegio de Farmac\u00e9uticos ante declaraciones period\u00edsticas agraviantes hacia m\u00e9dicos y m\u00e9dicas formuladas por un profesional enrolado en dicha instituci\u00f3n.","_links":{"self":[{"href":"https:\/\/colmedicosantafe1.org.ar\/index.php?rest_route=\/wp\/v2\/posts\/3905","targetHints":{"allow":["GET"]}}],"collection":[{"href":"https:\/\/colmedicosantafe1.org.ar\/index.php?rest_route=\/wp\/v2\/posts"}],"about":[{"href":"https:\/\/colmedicosantafe1.org.ar\/index.php?rest_route=\/wp\/v2\/types\/post"}],"author":[{"embeddable":true,"href":"https:\/\/colmedicosantafe1.org.ar\/index.php?rest_route=\/wp\/v2\/users\/1"}],"replies":[{"embeddable":true,"href":"https:\/\/colmedicosantafe1.org.ar\/index.php?rest_route=%2Fwp%2Fv2%2Fcomments&post=3905"}],"version-history":[{"count":0,"href":"https:\/\/colmedicosantafe1.org.ar\/index.php?rest_route=\/wp\/v2\/posts\/3905\/revisions"}],"wp:featuredmedia":[{"embeddable":true,"href":"https:\/\/colmedicosantafe1.org.ar\/index.php?rest_route=\/wp\/v2\/media\/3859"}],"wp:attachment":[{"href":"https:\/\/colmedicosantafe1.org.ar\/index.php?rest_route=%2Fwp%2Fv2%2Fmedia&parent=3905"}],"wp:term":[{"taxonomy":"category","embeddable":true,"href":"https:\/\/colmedicosantafe1.org.ar\/index.php?rest_route=%2Fwp%2Fv2%2Fcategories&post=3905"},{"taxonomy":"post_tag","embeddable":true,"href":"https:\/\/colmedicosantafe1.org.ar\/index.php?rest_route=%2Fwp%2Fv2%2Ftags&post=3905"}],"curies":[{"name":"wp","href":"https:\/\/api.w.org\/{rel}","templated":true}]}}