{"id":3895,"date":"2023-12-05T01:37:22","date_gmt":"2023-12-05T04:37:22","guid":{"rendered":"https:\/\/cmsf.org.ar\/sitio\/?p=3895"},"modified":"2023-12-05T01:37:22","modified_gmt":"2023-12-05T04:37:22","slug":"acto-academico-y-celebracion-del-dia-del-medico-y-la-medica","status":"publish","type":"post","link":"https:\/\/colmedicosantafe1.org.ar\/?p=3895","title":{"rendered":"Acto Acad\u00e9mico y celebraci\u00f3n del D\u00eda del M\u00e9dico y la M\u00e9dica"},"content":{"rendered":"<p><img decoding=\"async\" class=\"pull-left size-full wp-image-3892\" style=\"margin: 5px;\" src=\"https:\/\/colmedicosantafe1.org.ar\/wp-content\/uploads\/2023\/12\/Discurso-Rafel-scaled.jpg\" width=\"200\" srcset=\"https:\/\/colmedicosantafe1.org.ar\/wp-content\/uploads\/2023\/12\/Discurso-Rafel-scaled.jpg 2560w, https:\/\/colmedicosantafe1.org.ar\/wp-content\/uploads\/2023\/12\/Discurso-Rafel-300x195.jpg 300w, https:\/\/colmedicosantafe1.org.ar\/wp-content\/uploads\/2023\/12\/Discurso-Rafel-1024x666.jpg 1024w, https:\/\/colmedicosantafe1.org.ar\/wp-content\/uploads\/2023\/12\/Discurso-Rafel-768x499.jpg 768w, https:\/\/colmedicosantafe1.org.ar\/wp-content\/uploads\/2023\/12\/Discurso-Rafel-1536x998.jpg 1536w, https:\/\/colmedicosantafe1.org.ar\/wp-content\/uploads\/2023\/12\/Discurso-Rafel-2048x1331.jpg 2048w\" sizes=\"(max-width: 2560px) 100vw, 2560px\" \/>El pasado viernes se realiz\u00f3 el tradicional acto acad\u00e9mico donde se reconoci\u00f3 la trayectoria los profesionales que cumplieron 50 y 25 a\u00f1os en el ejercicio de la medicina y se entregaron los diplomas a los colegas que culminaron sus estudios de posgrado y obtuvieron una especialidad. El encuentro fue el marco para la celebraci\u00f3n del D\u00eda del M\u00e9dico y la M\u00e9dica, y en el discurso de apertura, el presidente de la entidad, Dr. Daniel Rafel, destac\u00f3 la presencia de las mujeres en la medicina y reiter\u00f3 los reclamos sobre la jerarquizaci\u00f3n salarial y laboral de los profesionales de la salud.<\/p>\n<p><!--more--><\/p>\n<p>\u00a0<\/p>\n<p>\u00a0<\/p>\n<p>\u00a0<\/p>\n<p>El pasado viernes 1 de diciembre se realiz\u00f3 el tradicional acto acad\u00e9mico del Colegio de M\u00e9dicos de Santa Fe de la Primera Circunscripci\u00f3n, donde se conmemor\u00f3 el D\u00eda del M\u00e9dico y la M\u00e9dica, se distingui\u00f3 a los profesionales que cumplieron 50 y 25 a\u00f1os en el ejercicio de la medicina y se entregaron los diplomas a los nuevos especialistas.<\/p>\n<p>Acompa\u00f1aron el evento, representantes de instituciones acad\u00e9micas de la ciudad, colegios profesionales y autoridades provinciales y municipales.<\/p>\n<p>En el inicio del encuentro, el Dr. Daniel Rafel, presidente de la Mesa Directiva de la instituci\u00f3n, reiter\u00f3 los hist\u00f3ricos reclamos del Colegio de M\u00e9dicos sobre \u201cla cr\u00edtica realidad\u201d que afecta a los profesionales de la salud en sus \u201ccondiciones laborales y econ\u00f3micas\u201d.<\/p>\n<p>En este sentido, Rafel detall\u00f3 las acciones que se vienen desplegando junto a otras entidades del campo de la medicina\u00a0 \u201cpara obtener mejoras que dignifiquen a nuestros colegas, siempre en el marco de nuestras incumbencias\u201d, aunque remarc\u00f3 que \u201cseguimos alentando el surgimiento de nuevas estructuras que puedan concretar las demandas tan anheladas por los m\u00e9dicos y m\u00e9dicas en su conjunto\u201d.<\/p>\n<p>Por ello, el presidente de la Mesa Directiva del Colegio de M\u00e9dicos de Santa Fe, destac\u00f3 el logro de aquellos profesionales que \u201cdecidieron profundizar alg\u00fan aspecto del conocimiento de las \u00e1reas de la medicina para realizar su trabajo con mayor calidad y eficiencia\u201d, pero alertando, que en la actualidad solo se ha cubierto el 50 por ciento de las vacantes existentes para la formaci\u00f3n de m\u00e9dicos especialistas, lo que constituye un alerta para el futuro de la medicina.<\/p>\n<p>Finalmente, Daniel Rafel realiz\u00f3 un reconocimiento a la presencia de la mujer en la medicina. \u201cEste a\u00f1o en nuestro colegio solo el 36 por ciento de los matriculados fueron varones. Y lo mismo observamos entre quienes obtuvieron el t\u00edtulo de especialistas, solo el 31 por ciento fueron varones\u201d.<\/p>\n<p>\u201cEs un dato innegable la presencia con mayor intensidad de las mujeres como fuerza laboral en el campo de la salud\u201d, resalt\u00f3 el directivo.<\/p>\n<p>\u201cHay mujeres en todas las especialidades, algunas impensadas hasta no hace mucho tiempo, derrumbando bastiones patriarcales que hac\u00edan inaccesibles algunas \u00e1reas, impidiendo la formaci\u00f3n y la capacitaci\u00f3n femenina\u201d, concluy\u00f3 Rafel.<\/p>\n<p><strong>Reconocimiento a las trayectorias en la Medicina<\/strong><\/p>\n<p>Luego de estas palabras, se realiz\u00f3 el homenaje a los profesionales que cumplieron 50 y 25 a\u00f1os en el ejercicio de la Medicina, entregando certificados y plaquetas de oro y plata, respectivamente.<\/p>\n<p>Este a\u00f1o, fueron reconocidos 21 profesionales de la Primera Circunscripci\u00f3n por cumplir sus Bodas de Oro en la Medicina, y en representaci\u00f3n de este grupo, fue invitado a dirigir unas palabra el Dr. Hugo Eduardo Neffen.<\/p>\n<p><img decoding=\"async\" class=\"pull-right size-full wp-image-3893\" style=\"display: block; margin: 5px auto 5px auto;\" src=\"https:\/\/colmedicosantafe1.org.ar\/wp-content\/uploads\/2023\/12\/Plaqueta-Neffen-scaled.jpg\" width=\"400\" srcset=\"https:\/\/colmedicosantafe1.org.ar\/wp-content\/uploads\/2023\/12\/Plaqueta-Neffen-scaled.jpg 2560w, https:\/\/colmedicosantafe1.org.ar\/wp-content\/uploads\/2023\/12\/Plaqueta-Neffen-300x209.jpg 300w, https:\/\/colmedicosantafe1.org.ar\/wp-content\/uploads\/2023\/12\/Plaqueta-Neffen-1024x714.jpg 1024w, https:\/\/colmedicosantafe1.org.ar\/wp-content\/uploads\/2023\/12\/Plaqueta-Neffen-768x536.jpg 768w, https:\/\/colmedicosantafe1.org.ar\/wp-content\/uploads\/2023\/12\/Plaqueta-Neffen-1536x1071.jpg 1536w, https:\/\/colmedicosantafe1.org.ar\/wp-content\/uploads\/2023\/12\/Plaqueta-Neffen-2048x1429.jpg 2048w\" sizes=\"(max-width: 2560px) 100vw, 2560px\" \/><\/p>\n<p>\u00a0<\/p>\n<p>\u00a0<\/p>\n<p>\u00a0<\/p>\n<p>\u00a0<\/p>\n<p>\u00a0<\/p>\n<p>\u00a0<\/p>\n<p>\u00a0<\/p>\n<p>\u00a0<\/p>\n<p>En tanto, tambi\u00e9n recibieron una distinci\u00f3n 104 profesionales que cumplieron 25 en el ejercicio de la medicina, quienes fueron representados por las palabras de la Dra. Maria Gabriela Calafell.<\/p>\n<p><img decoding=\"async\" class=\" size-full wp-image-3894\" style=\"margin: 5px auto; display: block;\" src=\"https:\/\/colmedicosantafe1.org.ar\/wp-content\/uploads\/2023\/12\/DiscusoCalafell-scaled.jpg\" width=\"400\" srcset=\"https:\/\/colmedicosantafe1.org.ar\/wp-content\/uploads\/2023\/12\/DiscusoCalafell-scaled.jpg 2560w, https:\/\/colmedicosantafe1.org.ar\/wp-content\/uploads\/2023\/12\/DiscusoCalafell-300x200.jpg 300w, https:\/\/colmedicosantafe1.org.ar\/wp-content\/uploads\/2023\/12\/DiscusoCalafell-1024x684.jpg 1024w, https:\/\/colmedicosantafe1.org.ar\/wp-content\/uploads\/2023\/12\/DiscusoCalafell-768x513.jpg 768w, https:\/\/colmedicosantafe1.org.ar\/wp-content\/uploads\/2023\/12\/DiscusoCalafell-1536x1025.jpg 1536w, https:\/\/colmedicosantafe1.org.ar\/wp-content\/uploads\/2023\/12\/DiscusoCalafell-2048x1367.jpg 2048w\" sizes=\"(max-width: 2560px) 100vw, 2560px\" \/><\/p>\n<p><strong>Nuevos Especialistas<\/strong><\/p>\n<p>En el tramo final del acto se procedi\u00f3 a la entrega de los diplomas a los profesionales que culminaron sus estudios de posgrado en las distintas especialidades reconocidas y supervisadas por nuestra entidad.<\/p>\n<p>Rodeados de familiares y colegas, los j\u00f3venes profesionales le dieron brillo y aplausos al cierre del acto acad\u00e9mico del Colegio de M\u00e9dicos de Santa Fe, recibiendo de manos de directivos y autoridades invitadas, los respectivos diplomas que acreditan su flamante condici\u00f3n de m\u00e9dicos y m\u00e9dicas especialistas.<\/p>\n<p>\u00a0<\/p>\n","protected":false},"excerpt":{"rendered":"<p>El pasado viernes se realiz\u00f3 el tradicional acto acad\u00e9mico donde se reconoci\u00f3 la trayectoria los profesionales que cumplieron 50 y 25 a\u00f1os en el ejercicio de la medicina y se entregaron los diplomas a los colegas que culminaron sus estudios de posgrado y obtuvieron una especialidad. El encuentro fue el marco para la celebraci\u00f3n del [&hellip;]<\/p>\n","protected":false},"author":1,"featured_media":3892,"comment_status":"open","ping_status":"open","sticky":true,"template":"","format":"standard","meta":{"_uag_custom_page_level_css":"","_jetpack_memberships_contains_paid_content":false,"footnotes":""},"categories":[6],"tags":[],"class_list":["post-3895","post","type-post","status-publish","format-standard","has-post-thumbnail","hentry","category-noticias"],"jetpack_sharing_enabled":true,"jetpack_featured_media_url":"https:\/\/colmedicosantafe1.org.ar\/wp-content\/uploads\/2023\/12\/Discurso-Rafel-scaled.jpg","uagb_featured_image_src":{"full":["https:\/\/colmedicosantafe1.org.ar\/wp-content\/uploads\/2023\/12\/Discurso-Rafel-scaled.jpg",2560,1664,false],"thumbnail":["https:\/\/colmedicosantafe1.org.ar\/wp-content\/uploads\/2023\/12\/Discurso-Rafel-150x150.jpg",150,150,true],"medium":["https:\/\/colmedicosantafe1.org.ar\/wp-content\/uploads\/2023\/12\/Discurso-Rafel-300x195.jpg",300,195,true],"medium_large":["https:\/\/colmedicosantafe1.org.ar\/wp-content\/uploads\/2023\/12\/Discurso-Rafel-768x499.jpg",768,499,true],"large":["https:\/\/colmedicosantafe1.org.ar\/wp-content\/uploads\/2023\/12\/Discurso-Rafel-1024x666.jpg",1024,666,true],"1536x1536":["https:\/\/colmedicosantafe1.org.ar\/wp-content\/uploads\/2023\/12\/Discurso-Rafel-1536x998.jpg",1536,998,true],"2048x2048":["https:\/\/colmedicosantafe1.org.ar\/wp-content\/uploads\/2023\/12\/Discurso-Rafel-2048x1331.jpg",2048,1331,true]},"uagb_author_info":{"display_name":"admin","author_link":"https:\/\/colmedicosantafe1.org.ar\/?author=1"},"uagb_comment_info":0,"uagb_excerpt":"El pasado viernes se realiz\u00f3 el tradicional acto acad\u00e9mico donde se reconoci\u00f3 la trayectoria los profesionales que cumplieron 50 y 25 a\u00f1os en el ejercicio de la medicina y se entregaron los diplomas a los colegas que culminaron sus estudios de posgrado y obtuvieron una especialidad. El encuentro fue el marco para la celebraci\u00f3n del&hellip;","_links":{"self":[{"href":"https:\/\/colmedicosantafe1.org.ar\/index.php?rest_route=\/wp\/v2\/posts\/3895","targetHints":{"allow":["GET"]}}],"collection":[{"href":"https:\/\/colmedicosantafe1.org.ar\/index.php?rest_route=\/wp\/v2\/posts"}],"about":[{"href":"https:\/\/colmedicosantafe1.org.ar\/index.php?rest_route=\/wp\/v2\/types\/post"}],"author":[{"embeddable":true,"href":"https:\/\/colmedicosantafe1.org.ar\/index.php?rest_route=\/wp\/v2\/users\/1"}],"replies":[{"embeddable":true,"href":"https:\/\/colmedicosantafe1.org.ar\/index.php?rest_route=%2Fwp%2Fv2%2Fcomments&post=3895"}],"version-history":[{"count":0,"href":"https:\/\/colmedicosantafe1.org.ar\/index.php?rest_route=\/wp\/v2\/posts\/3895\/revisions"}],"wp:featuredmedia":[{"embeddable":true,"href":"https:\/\/colmedicosantafe1.org.ar\/index.php?rest_route=\/wp\/v2\/media\/3892"}],"wp:attachment":[{"href":"https:\/\/colmedicosantafe1.org.ar\/index.php?rest_route=%2Fwp%2Fv2%2Fmedia&parent=3895"}],"wp:term":[{"taxonomy":"category","embeddable":true,"href":"https:\/\/colmedicosantafe1.org.ar\/index.php?rest_route=%2Fwp%2Fv2%2Fcategories&post=3895"},{"taxonomy":"post_tag","embeddable":true,"href":"https:\/\/colmedicosantafe1.org.ar\/index.php?rest_route=%2Fwp%2Fv2%2Ftags&post=3895"}],"curies":[{"name":"wp","href":"https:\/\/api.w.org\/{rel}","templated":true}]}}