{"id":3881,"date":"2023-11-03T23:22:18","date_gmt":"2023-11-04T02:22:18","guid":{"rendered":"https:\/\/cmsf.org.ar\/sitio\/?p=3881"},"modified":"2023-11-03T23:22:18","modified_gmt":"2023-11-04T02:22:18","slug":"webinario-mindfulness-para-la-gestion-de-estres-y-burnout-en-profesionales-de-la-salud-27-de-noviembre","status":"publish","type":"post","link":"https:\/\/colmedicosantafe1.org.ar\/?p=3881","title":{"rendered":"Webinario \u2013 Mindfulness para la gesti\u00f3n de estr\u00e9s y burnout en profesionales de la salud \u2013 27 de noviembre"},"content":{"rendered":"<p><img decoding=\"async\" class=\"pull-left size-full wp-image-3880\" style=\"margin: 5px;\" src=\"https:\/\/colmedicosantafe1.org.ar\/wp-content\/uploads\/2023\/11\/Paula-Di-Rienzo.jpg\" width=\"200\" srcset=\"https:\/\/colmedicosantafe1.org.ar\/wp-content\/uploads\/2023\/11\/Paula-Di-Rienzo.jpg 900w, https:\/\/colmedicosantafe1.org.ar\/wp-content\/uploads\/2023\/11\/Paula-Di-Rienzo-300x300.jpg 300w, https:\/\/colmedicosantafe1.org.ar\/wp-content\/uploads\/2023\/11\/Paula-Di-Rienzo-150x150.jpg 150w, https:\/\/colmedicosantafe1.org.ar\/wp-content\/uploads\/2023\/11\/Paula-Di-Rienzo-768x768.jpg 768w\" sizes=\"(max-width: 900px) 100vw, 900px\" \/>El pr\u00f3ximo 27 de noviembre el Colegio de M\u00e9dicos de Santa Fe organiza un encuentro webinario donde se abordar\u00e1 el tema \u201cMindfulness para la gesti\u00f3n de estr\u00e9s y burnout en profesionales de la salud\u201d. La disertaci\u00f3n estar\u00e1 a cargo de la Dra. Paula Rienzo. Ser\u00e1 a trav\u00e9s de la plataforma Zoom de nuestra instituci\u00f3n. Acceso libre con inscripci\u00f3n previa en la web. <strong><a href=\"https:\/\/us06web.zoom.us\/webinar\/register\/WN_5ZUjX-2oSACYbHGUfXkGew\" target=\"_blank\" rel=\"noopener noreferrer\">Formulario de inscripci\u00f3n<\/a>.<\/strong><\/p>\n<p><!--more--><\/p>\n<p>El lunes 27 de noviembre, a las 20 horas, se realizar\u00e1 un encuentro webinario organizado por el Colegio de M\u00e9dicos de Santa Fe, donde se abordar\u00e1 el tema: \u201cMindfulness para la gesti\u00f3n de estr\u00e9s y burnout en profesionales de la salud\u201d<\/p>\n<p>La disertaci\u00f3n estar\u00e1 a cargo de la Dra. Paula Rienzo.<\/p>\n<p>\u00a0<\/p>\n<p><strong>Objetivos<\/strong><\/p>\n<p>Reconocer la meditaci\u00f3n mindfulness como herramienta de reducci\u00f3n de estr\u00e9s\u00a0 en profesionales de la salud.<\/p>\n<p>Describir\u00a0 el impacto de mindfulness en la cascada del distress.<\/p>\n<p>Evaluar beneficios\u00a0 como mejor\u00eda de atenci\u00f3n, gesti\u00f3n de la incertidumbre, desarrollo de empat\u00eda, mejor\u00eda en calidad de sue\u00f1o y capacidad de aprendizaje.<\/p>\n<p>\u00a0<\/p>\n<p><strong>Informaci\u00f3n<\/strong><\/p>\n<p>Colegio M\u00e9dico de Santa Fe 1ra. Circunscripci\u00f3n:<\/p>\n<p>9 de Julio 2464 (3000 &#8211; Santa Fe)<\/p>\n<p>Tel\u00e9fono (0342) 4520176 interno 7<\/p>\n<p>Correo: marianam@cmsf.org.ar<\/p>\n<p>\u00a0<\/p>\n<p>\u00a0<\/p>\n<p>\u00a0<\/p>\n","protected":false},"excerpt":{"rendered":"<p>El pr\u00f3ximo 27 de noviembre el Colegio de M\u00e9dicos de Santa Fe organiza un encuentro webinario donde se abordar\u00e1 el tema \u201cMindfulness para la gesti\u00f3n de estr\u00e9s y burnout en profesionales de la salud\u201d. La disertaci\u00f3n estar\u00e1 a cargo de la Dra. Paula Rienzo. Ser\u00e1 a trav\u00e9s de la plataforma Zoom de nuestra instituci\u00f3n. Acceso [&hellip;]<\/p>\n","protected":false},"author":1,"featured_media":3880,"comment_status":"open","ping_status":"open","sticky":true,"template":"","format":"standard","meta":{"_uag_custom_page_level_css":"","_jetpack_memberships_contains_paid_content":false,"footnotes":""},"categories":[30],"tags":[],"class_list":["post-3881","post","type-post","status-publish","format-standard","has-post-thumbnail","hentry","category-cursos"],"jetpack_sharing_enabled":true,"jetpack_featured_media_url":"https:\/\/colmedicosantafe1.org.ar\/wp-content\/uploads\/2023\/11\/Paula-Di-Rienzo.jpg","uagb_featured_image_src":{"full":["https:\/\/colmedicosantafe1.org.ar\/wp-content\/uploads\/2023\/11\/Paula-Di-Rienzo.jpg",900,900,false],"thumbnail":["https:\/\/colmedicosantafe1.org.ar\/wp-content\/uploads\/2023\/11\/Paula-Di-Rienzo-150x150.jpg",150,150,true],"medium":["https:\/\/colmedicosantafe1.org.ar\/wp-content\/uploads\/2023\/11\/Paula-Di-Rienzo-300x300.jpg",300,300,true],"medium_large":["https:\/\/colmedicosantafe1.org.ar\/wp-content\/uploads\/2023\/11\/Paula-Di-Rienzo-768x768.jpg",768,768,true],"large":["https:\/\/colmedicosantafe1.org.ar\/wp-content\/uploads\/2023\/11\/Paula-Di-Rienzo.jpg",900,900,false],"1536x1536":["https:\/\/colmedicosantafe1.org.ar\/wp-content\/uploads\/2023\/11\/Paula-Di-Rienzo.jpg",900,900,false],"2048x2048":["https:\/\/colmedicosantafe1.org.ar\/wp-content\/uploads\/2023\/11\/Paula-Di-Rienzo.jpg",900,900,false]},"uagb_author_info":{"display_name":"admin","author_link":"https:\/\/colmedicosantafe1.org.ar\/?author=1"},"uagb_comment_info":0,"uagb_excerpt":"El pr\u00f3ximo 27 de noviembre el Colegio de M\u00e9dicos de Santa Fe organiza un encuentro webinario donde se abordar\u00e1 el tema \u201cMindfulness para la gesti\u00f3n de estr\u00e9s y burnout en profesionales de la salud\u201d. La disertaci\u00f3n estar\u00e1 a cargo de la Dra. Paula Rienzo. Ser\u00e1 a trav\u00e9s de la plataforma Zoom de nuestra instituci\u00f3n. Acceso&hellip;","_links":{"self":[{"href":"https:\/\/colmedicosantafe1.org.ar\/index.php?rest_route=\/wp\/v2\/posts\/3881","targetHints":{"allow":["GET"]}}],"collection":[{"href":"https:\/\/colmedicosantafe1.org.ar\/index.php?rest_route=\/wp\/v2\/posts"}],"about":[{"href":"https:\/\/colmedicosantafe1.org.ar\/index.php?rest_route=\/wp\/v2\/types\/post"}],"author":[{"embeddable":true,"href":"https:\/\/colmedicosantafe1.org.ar\/index.php?rest_route=\/wp\/v2\/users\/1"}],"replies":[{"embeddable":true,"href":"https:\/\/colmedicosantafe1.org.ar\/index.php?rest_route=%2Fwp%2Fv2%2Fcomments&post=3881"}],"version-history":[{"count":0,"href":"https:\/\/colmedicosantafe1.org.ar\/index.php?rest_route=\/wp\/v2\/posts\/3881\/revisions"}],"wp:featuredmedia":[{"embeddable":true,"href":"https:\/\/colmedicosantafe1.org.ar\/index.php?rest_route=\/wp\/v2\/media\/3880"}],"wp:attachment":[{"href":"https:\/\/colmedicosantafe1.org.ar\/index.php?rest_route=%2Fwp%2Fv2%2Fmedia&parent=3881"}],"wp:term":[{"taxonomy":"category","embeddable":true,"href":"https:\/\/colmedicosantafe1.org.ar\/index.php?rest_route=%2Fwp%2Fv2%2Fcategories&post=3881"},{"taxonomy":"post_tag","embeddable":true,"href":"https:\/\/colmedicosantafe1.org.ar\/index.php?rest_route=%2Fwp%2Fv2%2Ftags&post=3881"}],"curies":[{"name":"wp","href":"https:\/\/api.w.org\/{rel}","templated":true}]}}