{"id":3879,"date":"2023-11-03T23:19:11","date_gmt":"2023-11-04T02:19:11","guid":{"rendered":"https:\/\/cmsf.org.ar\/sitio\/?p=3879"},"modified":"2023-11-03T23:19:11","modified_gmt":"2023-11-04T02:19:11","slug":"curso-de-rcp-orientado-a-la-comunidad-maria-juana-25-de-noviembre","status":"publish","type":"post","link":"https:\/\/colmedicosantafe1.org.ar\/?p=3879","title":{"rendered":"Curso de RCP orientado a la comunidad \u2013 Mar\u00eda Juana &#8211; 25 de noviembre"},"content":{"rendered":"<p><img decoding=\"async\" class=\"pull-left size-full wp-image-3878\" style=\"margin: 5px;\" src=\"https:\/\/colmedicosantafe1.org.ar\/wp-content\/uploads\/2023\/11\/Samco-Maria-Juana.jpg\" width=\"200\" srcset=\"https:\/\/colmedicosantafe1.org.ar\/wp-content\/uploads\/2023\/11\/Samco-Maria-Juana.jpg 690w, https:\/\/colmedicosantafe1.org.ar\/wp-content\/uploads\/2023\/11\/Samco-Maria-Juana-300x202.jpg 300w\" sizes=\"(max-width: 690px) 100vw, 690px\" \/>El s\u00e1bado 25 de noviembre se realizar\u00e1 en el SAMCO de Mar\u00eda Juana una nueva edici\u00f3n del curso de Reanimaci\u00f3n Cardio Pulmonar (RCP) denominado \u201cComprometidos con la vida\u201d. La propuesta est\u00e1 dirigida a personas con poco o ning\u00fan entrenamiento en temas m\u00e9dicos. Se busca cubrir las necesidades de intervenci\u00f3n del primer respondiente ante un paro cardiorespiratorio en la v\u00eda p\u00fablica o donde ocurra. Este curso es gratuito, con cupo limitado y requiere inscripci\u00f3n previa. <a href=\"https:\/\/forms.gle\/T7cuS6j5LLVHfemG9\" target=\"_blank\" rel=\"noopener noreferrer\">Formulario de Inscripci\u00f3n<\/a>.<\/p>\n<p><!--more--><\/p>\n<p>\u00a0<\/p>\n<p>\u00a0<\/p>\n<p>El Colegio de M\u00e9dicos de Santa Fe continua desarrollando este curso b\u00e1sico de RCP orientado a la comunidad con el prop\u00f3sito de acompa\u00f1ar los requerimientos de mayor conocimiento y de compromiso solidario de las personas con las situaciones vitales cr\u00edticas que se presentan en diferentes \u00e1mbitos de la vida social.<\/p>\n<p>Es dictado por m\u00e9dicos instructores certificados bajo la coordinaci\u00f3n del Dr. Julio Rico. Se trabajar\u00e1 con un lenguaje acorde a los participantes y asegurando una pr\u00e1ctica intensiva en base a los protocolos de la\u00a0 American Heart Association (AHA),\u00a0 y siguiendo las normas de cuidado acordes a la situaci\u00f3n de pandemia que atravesamos.<\/p>\n<p>El pr\u00f3ximo encuentro ser\u00e1 el s\u00e1bado 25 de noviembre desde las 8:30 a 12:30 horas, en las instalaciones del SAMCO de Mar\u00eda Juana, ubicado en calle Belgrano 252 de dicha localidad.<\/p>\n<p>Es gratuito, con cupo limitado para asegurar las estaciones de pr\u00e1ctica, y requiere inscripci\u00f3n previa.<\/p>\n<p>\u00a0<\/p>\n<p><strong>Contenido<\/strong><\/p>\n<p>&#8211; Introducci\u00f3n.<\/p>\n<p>&#8211; Es por la vida.<\/p>\n<p>&#8211; RCP solo con las manos y DEA.<\/p>\n<p>&#8211; Bloqueo de la v\u00eda a\u00e9rea leve y grave: c\u00f3mo ayudar a un adulto que se atraganta (opcional).<\/p>\n<p>&#8211; RCP en ni\u00f1os y DEA.<\/p>\n<p>&#8211; Bloqueo de la v\u00eda a\u00e9rea leve y grave: c\u00f3mo ayudar a un ni\u00f1o que se atraganta (opcional).<\/p>\n<p>&#8211; RCP en lactantes.<\/p>\n<p>&#8211; Bloqueo de la v\u00eda a\u00e9rea leve y grave: c\u00f3mo ayudar a un lactante que se atraganta (opcional)<\/p>\n<p>\u00a0<\/p>\n<p><strong>Informes<\/strong><\/p>\n<p>Comisi\u00f3n de Educaci\u00f3n M\u00e9dica de Posgrado.<\/p>\n<p>Colegio de M\u00e9dicos de Santa Fe 1\u00b0 Circunscripci\u00f3n &#8211; 9 de Julio 2464 \u2013 Santa Fe.<\/p>\n<p>Tel\u00e9fono: 0342-4520176 Interno 7.<\/p>\n<p>Correo: marianam@cmsf.org.ar<\/p>\n<p>\u00a0<\/p>\n<p><a href=\"https:\/\/forms.gle\/T7cuS6j5LLVHfemG9\" target=\"_blank\" rel=\"noopener noreferrer\">Formulario de Inscripci\u00f3n<\/a><\/p>\n","protected":false},"excerpt":{"rendered":"<p>El s\u00e1bado 25 de noviembre se realizar\u00e1 en el SAMCO de Mar\u00eda Juana una nueva edici\u00f3n del curso de Reanimaci\u00f3n Cardio Pulmonar (RCP) denominado \u201cComprometidos con la vida\u201d. La propuesta est\u00e1 dirigida a personas con poco o ning\u00fan entrenamiento en temas m\u00e9dicos. Se busca cubrir las necesidades de intervenci\u00f3n del primer respondiente ante un paro [&hellip;]<\/p>\n","protected":false},"author":1,"featured_media":3878,"comment_status":"open","ping_status":"open","sticky":true,"template":"","format":"standard","meta":{"_uag_custom_page_level_css":"","_jetpack_memberships_contains_paid_content":false,"footnotes":""},"categories":[30],"tags":[],"class_list":["post-3879","post","type-post","status-publish","format-standard","has-post-thumbnail","hentry","category-cursos"],"jetpack_sharing_enabled":true,"jetpack_featured_media_url":"https:\/\/colmedicosantafe1.org.ar\/wp-content\/uploads\/2023\/11\/Samco-Maria-Juana.jpg","uagb_featured_image_src":{"full":["https:\/\/colmedicosantafe1.org.ar\/wp-content\/uploads\/2023\/11\/Samco-Maria-Juana.jpg",690,464,false],"thumbnail":["https:\/\/colmedicosantafe1.org.ar\/wp-content\/uploads\/2023\/11\/Samco-Maria-Juana-150x150.jpg",150,150,true],"medium":["https:\/\/colmedicosantafe1.org.ar\/wp-content\/uploads\/2023\/11\/Samco-Maria-Juana-300x202.jpg",300,202,true],"medium_large":["https:\/\/colmedicosantafe1.org.ar\/wp-content\/uploads\/2023\/11\/Samco-Maria-Juana.jpg",690,464,false],"large":["https:\/\/colmedicosantafe1.org.ar\/wp-content\/uploads\/2023\/11\/Samco-Maria-Juana.jpg",690,464,false],"1536x1536":["https:\/\/colmedicosantafe1.org.ar\/wp-content\/uploads\/2023\/11\/Samco-Maria-Juana.jpg",690,464,false],"2048x2048":["https:\/\/colmedicosantafe1.org.ar\/wp-content\/uploads\/2023\/11\/Samco-Maria-Juana.jpg",690,464,false]},"uagb_author_info":{"display_name":"admin","author_link":"https:\/\/colmedicosantafe1.org.ar\/?author=1"},"uagb_comment_info":0,"uagb_excerpt":"El s\u00e1bado 25 de noviembre se realizar\u00e1 en el SAMCO de Mar\u00eda Juana una nueva edici\u00f3n del curso de Reanimaci\u00f3n Cardio Pulmonar (RCP) denominado \u201cComprometidos con la vida\u201d. La propuesta est\u00e1 dirigida a personas con poco o ning\u00fan entrenamiento en temas m\u00e9dicos. Se busca cubrir las necesidades de intervenci\u00f3n del primer respondiente ante un paro&hellip;","_links":{"self":[{"href":"https:\/\/colmedicosantafe1.org.ar\/index.php?rest_route=\/wp\/v2\/posts\/3879","targetHints":{"allow":["GET"]}}],"collection":[{"href":"https:\/\/colmedicosantafe1.org.ar\/index.php?rest_route=\/wp\/v2\/posts"}],"about":[{"href":"https:\/\/colmedicosantafe1.org.ar\/index.php?rest_route=\/wp\/v2\/types\/post"}],"author":[{"embeddable":true,"href":"https:\/\/colmedicosantafe1.org.ar\/index.php?rest_route=\/wp\/v2\/users\/1"}],"replies":[{"embeddable":true,"href":"https:\/\/colmedicosantafe1.org.ar\/index.php?rest_route=%2Fwp%2Fv2%2Fcomments&post=3879"}],"version-history":[{"count":0,"href":"https:\/\/colmedicosantafe1.org.ar\/index.php?rest_route=\/wp\/v2\/posts\/3879\/revisions"}],"wp:featuredmedia":[{"embeddable":true,"href":"https:\/\/colmedicosantafe1.org.ar\/index.php?rest_route=\/wp\/v2\/media\/3878"}],"wp:attachment":[{"href":"https:\/\/colmedicosantafe1.org.ar\/index.php?rest_route=%2Fwp%2Fv2%2Fmedia&parent=3879"}],"wp:term":[{"taxonomy":"category","embeddable":true,"href":"https:\/\/colmedicosantafe1.org.ar\/index.php?rest_route=%2Fwp%2Fv2%2Fcategories&post=3879"},{"taxonomy":"post_tag","embeddable":true,"href":"https:\/\/colmedicosantafe1.org.ar\/index.php?rest_route=%2Fwp%2Fv2%2Ftags&post=3879"}],"curies":[{"name":"wp","href":"https:\/\/api.w.org\/{rel}","templated":true}]}}