{"id":3877,"date":"2023-10-31T22:27:42","date_gmt":"2023-11-01T01:27:42","guid":{"rendered":"https:\/\/cmsf.org.ar\/sitio\/?p=3877"},"modified":"2023-10-31T22:27:42","modified_gmt":"2023-11-01T01:27:42","slug":"confemeco-declaracion-de-santiago-del-estero","status":"publish","type":"post","link":"https:\/\/colmedicosantafe1.org.ar\/?p=3877","title":{"rendered":"CONFEMECO: Declaraci\u00f3n de Santiago del Estero"},"content":{"rendered":"<p><img decoding=\"async\" class=\"pull-left size-full wp-image-3867\" style=\"margin: 5px;\" src=\"https:\/\/colmedicosantafe1.org.ar\/wp-content\/uploads\/2023\/09\/Logo-Confemeco-blanco.jpg\" width=\"200\" srcset=\"https:\/\/colmedicosantafe1.org.ar\/wp-content\/uploads\/2023\/09\/Logo-Confemeco-blanco.jpg 629w, https:\/\/colmedicosantafe1.org.ar\/wp-content\/uploads\/2023\/09\/Logo-Confemeco-blanco-300x238.jpg 300w\" sizes=\"(max-width: 629px) 100vw, 629px\" \/>El Consejo Federal de Entidades M\u00e9dicas Colegiadas, CONFEMECO, manifiesta su repudio a la negativa de las entidades financiadoras a mejorar la retribuci\u00f3n del trabajo m\u00e9dico empujando al quebranto econ\u00f3mico a los m\u00e9dicos y m\u00e9dicas del pa\u00eds. Respaldamos la exigencia de un valor de consulta \u00e9tica como condici\u00f3n para dar continuidad a las prestaciones m\u00e9dicas.<\/p>\n<p><!--more--><\/p>\n<p>\u00a0<\/p>\n<p>\u00a0<\/p>\n<p>\u00a0<\/p>\n<p>El pasado 28 de octubre, el Consejo Federal de Entidades M\u00e9dicas Colegiadas, CONFEMECO, se reuni\u00f3 en la ciudad de Santiago del Estero para debatir la compleja situaci\u00f3n que atraviesa el ejercicio de la medicina en un contexto de alta inflaci\u00f3n y deterioro de la retribuci\u00f3n profesional. Como coralario del encuentro se elabor\u00f3 la siguiente declaraci\u00f3n:<\/p>\n<p><em>El Consejo Federal de Entidades M\u00e9dicas Colegiadas, CONFEMECO, reunido en la fecha en la ciudad de Santiago del Estero, expresa su en\u00e9rgico repudio ante la negativa de las entidades financiadoras de la salud, de actualizar los honorarios de consulta y prestaciones de nuestros m\u00e9dicos matriculados. <\/em><\/p>\n<p><em>Este Consejo Federal ya ha denunciado esta situaci\u00f3n l\u00edmite que sufren los profesionales respecto a sus remuneraciones, lo que conlleva al cierre de consultorio y turnos para consultas alejados en el tiempo, que perjudican la pronta atenci\u00f3n de los afiliados.<\/em><\/p>\n<p><em>El CONFEMECO, en consonancia con otras Instituciones M\u00e9dicas, como Federaciones, Sociedades Cient\u00edficas y Gremiales, se encuentra en situaci\u00f3n de alerta, a los efectos de exigir las respuestas efectivas y urgentes, para impedir un colapso en la atenci\u00f3n privada de la salud. <\/em><\/p>\n<p><em>Continuamos sosteniendo la consulta \u00e9tica, proponiendo valores orientativos m\u00ednimos que coadyuven a dar continuidad a las prestaciones m\u00e9dicas. \u00a1Basta ya de tratos humillantes!. <\/em><\/p>\n<p><em>Reclamamos honorarios justos y dignos.<\/em><\/p>\n<p><em>\u00a0<\/em><\/p>\n<p>27 de Octubre de 2023.\u00a0\u00a0\u00a0\u00a0\u00a0\u00a0\u00a0\u00a0\u00a0\u00a0\u00a0\u00a0\u00a0\u00a0\u00a0\u00a0\u00a0\u00a0\u00a0\u00a0\u00a0\u00a0\u00a0\u00a0\u00a0\u00a0\u00a0\u00a0\u00a0\u00a0\u00a0\u00a0\u00a0\u00a0\u00a0\u00a0\u00a0\u00a0\u00a0\u00a0\u00a0\u00a0\u00a0\u00a0\u00a0\u00a0\u00a0\u00a0\u00a0\u00a0\u00a0\u00a0\u00a0\u00a0\u00a0\u00a0\u00a0\u00a0 \u00a0\u00a0\u00a0\u00a0\u00a0\u00a0\u00a0\u00a0\u00a0\u00a0\u00a0\u00a0\u00a0\u00a0\u00a0\u00a0\u00a0\u00a0\u00a0\u00a0\u00a0\u00a0\u00a0\u00a0\u00a0\u00a0\u00a0\u00a0\u00a0\u00a0\u00a0<\/p>\n<p>COLEGIO DE MEDICOS DE LA PROV.DE BS.AS. CONSEJO SUPERIOR<\/p>\n<p>COLEGIO DE MEDICOS DE LA\u00a0 PROV.STA. FE 1RA. CIRCUNSC.<\/p>\n<p>COLEGIO DE MEDICOS DE LA\u00a0 PROV.STA. FE 2DA. CIRCUNSC.<\/p>\n<p>COLEGIO DE MEDICOS DE LA\u00a0 PROV.DE CATAMARCA<\/p>\n<p>COLEGIO DE MEDICOS DE LA\u00a0 PROV.DE SALTA<\/p>\n<p>COLEGIO DE MEDICOS DE LA\u00a0 PROV.DE MISIONES<\/p>\n<p>CONSEJO DE MEDICOS DE LA PROV.DE CORDOBA<\/p>\n<p>CONSEJO DE MEDICOS DE LA PROV.DE JUJUY<\/p>\n<p>CONSEJO DE MEDICOS DE LA PROV. DE LA PAMPA<\/p>\n<p>CONSEJO DE MEDICOS DE LA PROV. DE SGO. DEL ESTERO<\/p>\n<p>CONSEJO DE MEDICOS DE LA PROV. DE SANTA CRUZ<\/p>\n<p>CONSEJO DE MEDICOS DE LA PROV. DE LA RIOJA<\/p>\n<p>\u00a0<\/p>\n","protected":false},"excerpt":{"rendered":"<p>El Consejo Federal de Entidades M\u00e9dicas Colegiadas, CONFEMECO, manifiesta su repudio a la negativa de las entidades financiadoras a mejorar la retribuci\u00f3n del trabajo m\u00e9dico empujando al quebranto econ\u00f3mico a los m\u00e9dicos y m\u00e9dicas del pa\u00eds. Respaldamos la exigencia de un valor de consulta \u00e9tica como condici\u00f3n para dar continuidad a las prestaciones m\u00e9dicas.<\/p>\n","protected":false},"author":1,"featured_media":3867,"comment_status":"open","ping_status":"open","sticky":true,"template":"","format":"standard","meta":{"_uag_custom_page_level_css":"","_jetpack_memberships_contains_paid_content":false,"footnotes":""},"categories":[6],"tags":[],"class_list":["post-3877","post","type-post","status-publish","format-standard","has-post-thumbnail","hentry","category-noticias"],"jetpack_sharing_enabled":true,"jetpack_featured_media_url":"https:\/\/colmedicosantafe1.org.ar\/wp-content\/uploads\/2023\/09\/Logo-Confemeco-blanco.jpg","uagb_featured_image_src":{"full":["https:\/\/colmedicosantafe1.org.ar\/wp-content\/uploads\/2023\/09\/Logo-Confemeco-blanco.jpg",629,498,false],"thumbnail":["https:\/\/colmedicosantafe1.org.ar\/wp-content\/uploads\/2023\/09\/Logo-Confemeco-blanco-150x150.jpg",150,150,true],"medium":["https:\/\/colmedicosantafe1.org.ar\/wp-content\/uploads\/2023\/09\/Logo-Confemeco-blanco-300x238.jpg",300,238,true],"medium_large":["https:\/\/colmedicosantafe1.org.ar\/wp-content\/uploads\/2023\/09\/Logo-Confemeco-blanco.jpg",629,498,false],"large":["https:\/\/colmedicosantafe1.org.ar\/wp-content\/uploads\/2023\/09\/Logo-Confemeco-blanco.jpg",629,498,false],"1536x1536":["https:\/\/colmedicosantafe1.org.ar\/wp-content\/uploads\/2023\/09\/Logo-Confemeco-blanco.jpg",629,498,false],"2048x2048":["https:\/\/colmedicosantafe1.org.ar\/wp-content\/uploads\/2023\/09\/Logo-Confemeco-blanco.jpg",629,498,false]},"uagb_author_info":{"display_name":"admin","author_link":"https:\/\/colmedicosantafe1.org.ar\/?author=1"},"uagb_comment_info":0,"uagb_excerpt":"El Consejo Federal de Entidades M\u00e9dicas Colegiadas, CONFEMECO, manifiesta su repudio a la negativa de las entidades financiadoras a mejorar la retribuci\u00f3n del trabajo m\u00e9dico empujando al quebranto econ\u00f3mico a los m\u00e9dicos y m\u00e9dicas del pa\u00eds. Respaldamos la exigencia de un valor de consulta \u00e9tica como condici\u00f3n para dar continuidad a las prestaciones m\u00e9dicas.","_links":{"self":[{"href":"https:\/\/colmedicosantafe1.org.ar\/index.php?rest_route=\/wp\/v2\/posts\/3877","targetHints":{"allow":["GET"]}}],"collection":[{"href":"https:\/\/colmedicosantafe1.org.ar\/index.php?rest_route=\/wp\/v2\/posts"}],"about":[{"href":"https:\/\/colmedicosantafe1.org.ar\/index.php?rest_route=\/wp\/v2\/types\/post"}],"author":[{"embeddable":true,"href":"https:\/\/colmedicosantafe1.org.ar\/index.php?rest_route=\/wp\/v2\/users\/1"}],"replies":[{"embeddable":true,"href":"https:\/\/colmedicosantafe1.org.ar\/index.php?rest_route=%2Fwp%2Fv2%2Fcomments&post=3877"}],"version-history":[{"count":0,"href":"https:\/\/colmedicosantafe1.org.ar\/index.php?rest_route=\/wp\/v2\/posts\/3877\/revisions"}],"wp:featuredmedia":[{"embeddable":true,"href":"https:\/\/colmedicosantafe1.org.ar\/index.php?rest_route=\/wp\/v2\/media\/3867"}],"wp:attachment":[{"href":"https:\/\/colmedicosantafe1.org.ar\/index.php?rest_route=%2Fwp%2Fv2%2Fmedia&parent=3877"}],"wp:term":[{"taxonomy":"category","embeddable":true,"href":"https:\/\/colmedicosantafe1.org.ar\/index.php?rest_route=%2Fwp%2Fv2%2Fcategories&post=3877"},{"taxonomy":"post_tag","embeddable":true,"href":"https:\/\/colmedicosantafe1.org.ar\/index.php?rest_route=%2Fwp%2Fv2%2Ftags&post=3877"}],"curies":[{"name":"wp","href":"https:\/\/api.w.org\/{rel}","templated":true}]}}