{"id":3866,"date":"2023-09-14T16:30:28","date_gmt":"2023-09-14T19:30:28","guid":{"rendered":"https:\/\/cmsf.org.ar\/sitio\/?p=3866"},"modified":"2023-09-14T16:30:28","modified_gmt":"2023-09-14T19:30:28","slug":"mensaje-a-la-comunidad","status":"publish","type":"post","link":"https:\/\/colmedicosantafe1.org.ar\/?p=3866","title":{"rendered":"Mensaje a la comunidad"},"content":{"rendered":"<p><img decoding=\"async\" class=\"pull-left size-full wp-image-3859\" style=\"margin: 5px;\" src=\"https:\/\/colmedicosantafe1.org.ar\/wp-content\/uploads\/2023\/09\/Logo-CMSF-en-vidrio-2.jpg\" width=\"200\" srcset=\"https:\/\/colmedicosantafe1.org.ar\/wp-content\/uploads\/2023\/09\/Logo-CMSF-en-vidrio-2.jpg 937w, https:\/\/colmedicosantafe1.org.ar\/wp-content\/uploads\/2023\/09\/Logo-CMSF-en-vidrio-2-300x222.jpg 300w, https:\/\/colmedicosantafe1.org.ar\/wp-content\/uploads\/2023\/09\/Logo-CMSF-en-vidrio-2-768x568.jpg 768w\" sizes=\"(max-width: 937px) 100vw, 937px\" \/>Dada la cr\u00edtica situaci\u00f3n que atraviesa el pa\u00eds y en especial el sector de la salud, tanto p\u00fablico como privado, el Colegio de M\u00e9dicos de la Provincia de Santa Fe, 1ra. Circunscripci\u00f3n, expresa su gran preocupaci\u00f3n por la continuidad de la atenci\u00f3n m\u00e9dica tanto en cantidad como en calidad.<\/p>\n<p><!--more--><\/p>\n<p>\u00a0<\/p>\n<p>\u00a0<\/p>\n<p>\u00a0<\/p>\n<p>Hace tiempo que nuestra instituci\u00f3n viene denunciando un marcado retroceso en el reconocimiento al trabajo m\u00e9dico, donde las remuneraciones son magras, los porcentajes de retenciones impositivas muy altos; adem\u00e1s los atrasos en los pagos en \u00e9pocas de alta inflaci\u00f3n que hacen inviable la continuidad de la atenci\u00f3n.<\/p>\n<p>Los m\u00e9dicos hemos sido siempre la variable de ajuste. Un profesional certificado no logra con su trabajo satisfacer las necesidades de su familia por carecer de honorarios dignos.<\/p>\n<p>Siempre se consider\u00f3 que la profesi\u00f3n se ejerc\u00eda por vocaci\u00f3n y la realidad es que hoy se ejerce adem\u00e1s, con dedicaci\u00f3n y compromiso. Pero para poder cumplirla es necesario transitar el ciclo de la educaci\u00f3n m\u00e9dica continua con la revisi\u00f3n permanente de nuestros conocimientos y poder recertificarnos, lo que lleva al multiempleo lo cual nos hace m\u00e1s vulnerables.<\/p>\n<p>El Colegio de M\u00e9dicos propone, adem\u00e1s de la adecuaci\u00f3n de los aranceles en forma urgente, concertar un estudio profundo junto a las universidades, asociaciones gremiales, entidades cient\u00edficas, autoridades sanitarias y legislativas con el prop\u00f3sito de elaborar una programaci\u00f3n de metas presupuestarias para el sistema de salud jerarquizando los recursos humanos y considerando su distribuci\u00f3n geogr\u00e1fica y remuneraciones acordes a las necesidades sanitarias de la poblaci\u00f3n.<\/p>\n<p>El Colegio de M\u00e9dicos de la Provincia de Santa Fe, 1ra. Circunscripci\u00f3n, es la entidad deontol\u00f3gica que estar\u00e1 siempre atenta a las necesidades de los profesionales de la salud.<\/p>\n<p>\u00a0<\/p>\n<p>Mesa Directiva<\/p>\n<p>Colegio de M\u00e9dicos de Santa Fe &#8211; 1\u00b0 Circunscripci\u00f3n<\/p>\n<p>\u00a0<\/p>\n","protected":false},"excerpt":{"rendered":"<p>Dada la cr\u00edtica situaci\u00f3n que atraviesa el pa\u00eds y en especial el sector de la salud, tanto p\u00fablico como privado, el Colegio de M\u00e9dicos de la Provincia de Santa Fe, 1ra. Circunscripci\u00f3n, expresa su gran preocupaci\u00f3n por la continuidad de la atenci\u00f3n m\u00e9dica tanto en cantidad como en calidad.<\/p>\n","protected":false},"author":1,"featured_media":3859,"comment_status":"open","ping_status":"open","sticky":true,"template":"","format":"standard","meta":{"_uag_custom_page_level_css":"","_jetpack_memberships_contains_paid_content":false,"footnotes":""},"categories":[9],"tags":[],"class_list":["post-3866","post","type-post","status-publish","format-standard","has-post-thumbnail","hentry","category-institucional"],"jetpack_sharing_enabled":true,"jetpack_featured_media_url":"https:\/\/colmedicosantafe1.org.ar\/wp-content\/uploads\/2023\/09\/Logo-CMSF-en-vidrio-2.jpg","uagb_featured_image_src":{"full":["https:\/\/colmedicosantafe1.org.ar\/wp-content\/uploads\/2023\/09\/Logo-CMSF-en-vidrio-2.jpg",937,693,false],"thumbnail":["https:\/\/colmedicosantafe1.org.ar\/wp-content\/uploads\/2023\/09\/Logo-CMSF-en-vidrio-2-150x150.jpg",150,150,true],"medium":["https:\/\/colmedicosantafe1.org.ar\/wp-content\/uploads\/2023\/09\/Logo-CMSF-en-vidrio-2-300x222.jpg",300,222,true],"medium_large":["https:\/\/colmedicosantafe1.org.ar\/wp-content\/uploads\/2023\/09\/Logo-CMSF-en-vidrio-2-768x568.jpg",768,568,true],"large":["https:\/\/colmedicosantafe1.org.ar\/wp-content\/uploads\/2023\/09\/Logo-CMSF-en-vidrio-2.jpg",937,693,false],"1536x1536":["https:\/\/colmedicosantafe1.org.ar\/wp-content\/uploads\/2023\/09\/Logo-CMSF-en-vidrio-2.jpg",937,693,false],"2048x2048":["https:\/\/colmedicosantafe1.org.ar\/wp-content\/uploads\/2023\/09\/Logo-CMSF-en-vidrio-2.jpg",937,693,false]},"uagb_author_info":{"display_name":"admin","author_link":"https:\/\/colmedicosantafe1.org.ar\/?author=1"},"uagb_comment_info":0,"uagb_excerpt":"Dada la cr\u00edtica situaci\u00f3n que atraviesa el pa\u00eds y en especial el sector de la salud, tanto p\u00fablico como privado, el Colegio de M\u00e9dicos de la Provincia de Santa Fe, 1ra. Circunscripci\u00f3n, expresa su gran preocupaci\u00f3n por la continuidad de la atenci\u00f3n m\u00e9dica tanto en cantidad como en calidad.","_links":{"self":[{"href":"https:\/\/colmedicosantafe1.org.ar\/index.php?rest_route=\/wp\/v2\/posts\/3866","targetHints":{"allow":["GET"]}}],"collection":[{"href":"https:\/\/colmedicosantafe1.org.ar\/index.php?rest_route=\/wp\/v2\/posts"}],"about":[{"href":"https:\/\/colmedicosantafe1.org.ar\/index.php?rest_route=\/wp\/v2\/types\/post"}],"author":[{"embeddable":true,"href":"https:\/\/colmedicosantafe1.org.ar\/index.php?rest_route=\/wp\/v2\/users\/1"}],"replies":[{"embeddable":true,"href":"https:\/\/colmedicosantafe1.org.ar\/index.php?rest_route=%2Fwp%2Fv2%2Fcomments&post=3866"}],"version-history":[{"count":0,"href":"https:\/\/colmedicosantafe1.org.ar\/index.php?rest_route=\/wp\/v2\/posts\/3866\/revisions"}],"wp:featuredmedia":[{"embeddable":true,"href":"https:\/\/colmedicosantafe1.org.ar\/index.php?rest_route=\/wp\/v2\/media\/3859"}],"wp:attachment":[{"href":"https:\/\/colmedicosantafe1.org.ar\/index.php?rest_route=%2Fwp%2Fv2%2Fmedia&parent=3866"}],"wp:term":[{"taxonomy":"category","embeddable":true,"href":"https:\/\/colmedicosantafe1.org.ar\/index.php?rest_route=%2Fwp%2Fv2%2Fcategories&post=3866"},{"taxonomy":"post_tag","embeddable":true,"href":"https:\/\/colmedicosantafe1.org.ar\/index.php?rest_route=%2Fwp%2Fv2%2Ftags&post=3866"}],"curies":[{"name":"wp","href":"https:\/\/api.w.org\/{rel}","templated":true}]}}