{"id":3865,"date":"2023-09-11T21:29:16","date_gmt":"2023-09-12T00:29:16","guid":{"rendered":"https:\/\/cmsf.org.ar\/sitio\/?p=3865"},"modified":"2023-09-11T21:29:16","modified_gmt":"2023-09-12T00:29:16","slug":"webinario-el-in-dividuo-en-la-sala-de-espera-26-de-septiembre","status":"publish","type":"post","link":"https:\/\/colmedicosantafe1.org.ar\/?p=3865","title":{"rendered":"Webinario \u2013 El In\/Dividuo en la Sala de Espera \u2013 26 de septiembre"},"content":{"rendered":"<p><img decoding=\"async\" class=\"pull-left size-full wp-image-3863\" style=\"margin: 5px;\" src=\"https:\/\/colmedicosantafe1.org.ar\/wp-content\/uploads\/2023\/09\/Sillas.jpeg\" width=\"200\" srcset=\"https:\/\/colmedicosantafe1.org.ar\/wp-content\/uploads\/2023\/09\/Sillas.jpeg 1080w, https:\/\/colmedicosantafe1.org.ar\/wp-content\/uploads\/2023\/09\/Sillas-300x211.jpeg 300w, https:\/\/colmedicosantafe1.org.ar\/wp-content\/uploads\/2023\/09\/Sillas-1024x719.jpeg 1024w, https:\/\/colmedicosantafe1.org.ar\/wp-content\/uploads\/2023\/09\/Sillas-768x539.jpeg 768w\" sizes=\"(max-width: 1080px) 100vw, 1080px\" \/>El pr\u00f3ximo 26 de septiembre el Colegio de M\u00e9dicos de Santa Fe organiza un encuentro webinario donde se abordar\u00e1 el tema &#8220;El In\/Dividuo en la Sala de Espera&#8221;. La disertaci\u00f3n estar\u00e1 a cargo del Bioqu\u00edmico Jorge Druetto. Ser\u00e1 a trav\u00e9s de la plataforma Zoom de nuestra instituci\u00f3n. Acceso libre con inscripci\u00f3n previa en la web. <a href=\"https:\/\/us06web.zoom.us\/webinar\/register\/WN_FTAA2yiyQd2Z154Eerbewg\" target=\"_blank\" rel=\"noopener noreferrer\">Formulario de inscripci\u00f3n.<\/a><\/p>\n<p><!--more--><\/p>\n<p>\u00a0<\/p>\n<p>\u00a0<\/p>\n<p>El pr\u00f3ximo martes 26 de septiembre, a las 20 horas, se realizar\u00e1 un encuentro webinario organizado por el Colegio de M\u00e9dicos de Santa Fe, donde se abordar\u00e1 el tema &#8220;El In\/Dividuo en la Sala de Espera&#8221;.<\/p>\n<p>La disertaci\u00f3n estar\u00e1 a cargo de del Bioqu\u00edmico Jorge Druetto Especialista en Biolog\u00eda molecular, Gen\u00e9tica y Epigen\u00e9tica, Genomica y Nutrigenomiva.<\/p>\n<p>\u00a0<\/p>\n<p><strong>Objetivos<\/strong><\/p>\n<p>Realizar un abordaje de las Ciencias de la Salud en \u00e9pocas de Gen\u00f3mica, Epigen\u00e9tica, Inteligencia Artificial y Filosof\u00eda de la T\u00e9cnica.<\/p>\n<p>\u00a0<\/p>\n<p><strong>Sobre el disertante<\/strong><\/p>\n<p><img decoding=\"async\" class=\"pull-left size-full wp-image-3864\" style=\"margin: 5px;\" src=\"https:\/\/colmedicosantafe1.org.ar\/wp-content\/uploads\/2023\/09\/Druetto.jpg\" width=\"200\" srcset=\"https:\/\/colmedicosantafe1.org.ar\/wp-content\/uploads\/2023\/09\/Druetto.jpg 808w, https:\/\/colmedicosantafe1.org.ar\/wp-content\/uploads\/2023\/09\/Druetto-231x300.jpg 231w, https:\/\/colmedicosantafe1.org.ar\/wp-content\/uploads\/2023\/09\/Druetto-789x1024.jpg 789w, https:\/\/colmedicosantafe1.org.ar\/wp-content\/uploads\/2023\/09\/Druetto-768x997.jpg 768w\" sizes=\"(max-width: 808px) 100vw, 808px\" \/>Jorge Druetto es bioqu\u00edmico.<\/p>\n<p>Especialista en Microbiolog\u00eda Cl\u00ednica, Microbiolog\u00eda Alimentaria, Biolog\u00eda Molecular, Gen\u00e9tica y Epigen\u00e9tica, Gen\u00f3mica, Nutrigen\u00f3mica.<\/p>\n<p>Tecnolog\u00eda Alimentaria General,\u00a0Microbiolog\u00eda Alimentaria, BioMedicina Poblacional, Preventiva y Social.<\/p>\n<p>\u00a0<\/p>\n<p><strong>Informaci\u00f3n<\/strong><\/p>\n<p>Colegio M\u00e9dico de Santa Fe 1ra. Circunscripci\u00f3n:<\/p>\n<p>9 de Julio 2464 (3000 &#8211; Santa Fe)<\/p>\n<p>Tel\u00e9fono (0342) 4520176 interno 7<\/p>\n<p>Correo: <a href=\"mailto:marianam@cmsf.org.ar\">marianam@cmsf.org.ar<\/a><\/p>\n<p>\u00a0<\/p>\n<p>\u00a0<\/p>\n","protected":false},"excerpt":{"rendered":"<p>El pr\u00f3ximo 26 de septiembre el Colegio de M\u00e9dicos de Santa Fe organiza un encuentro webinario donde se abordar\u00e1 el tema &#8220;El In\/Dividuo en la Sala de Espera&#8221;. La disertaci\u00f3n estar\u00e1 a cargo del Bioqu\u00edmico Jorge Druetto. Ser\u00e1 a trav\u00e9s de la plataforma Zoom de nuestra instituci\u00f3n. Acceso libre con inscripci\u00f3n previa en la web. [&hellip;]<\/p>\n","protected":false},"author":1,"featured_media":3863,"comment_status":"open","ping_status":"open","sticky":true,"template":"","format":"standard","meta":{"_uag_custom_page_level_css":"","_jetpack_memberships_contains_paid_content":false,"footnotes":""},"categories":[30],"tags":[],"class_list":["post-3865","post","type-post","status-publish","format-standard","has-post-thumbnail","hentry","category-cursos"],"jetpack_sharing_enabled":true,"jetpack_featured_media_url":"https:\/\/colmedicosantafe1.org.ar\/wp-content\/uploads\/2023\/09\/Sillas.jpeg","uagb_featured_image_src":{"full":["https:\/\/colmedicosantafe1.org.ar\/wp-content\/uploads\/2023\/09\/Sillas.jpeg",1080,758,false],"thumbnail":["https:\/\/colmedicosantafe1.org.ar\/wp-content\/uploads\/2023\/09\/Sillas-150x150.jpeg",150,150,true],"medium":["https:\/\/colmedicosantafe1.org.ar\/wp-content\/uploads\/2023\/09\/Sillas-300x211.jpeg",300,211,true],"medium_large":["https:\/\/colmedicosantafe1.org.ar\/wp-content\/uploads\/2023\/09\/Sillas-768x539.jpeg",768,539,true],"large":["https:\/\/colmedicosantafe1.org.ar\/wp-content\/uploads\/2023\/09\/Sillas-1024x719.jpeg",1024,719,true],"1536x1536":["https:\/\/colmedicosantafe1.org.ar\/wp-content\/uploads\/2023\/09\/Sillas.jpeg",1080,758,false],"2048x2048":["https:\/\/colmedicosantafe1.org.ar\/wp-content\/uploads\/2023\/09\/Sillas.jpeg",1080,758,false]},"uagb_author_info":{"display_name":"admin","author_link":"https:\/\/colmedicosantafe1.org.ar\/?author=1"},"uagb_comment_info":0,"uagb_excerpt":"El pr\u00f3ximo 26 de septiembre el Colegio de M\u00e9dicos de Santa Fe organiza un encuentro webinario donde se abordar\u00e1 el tema &#8220;El In\/Dividuo en la Sala de Espera&#8221;. La disertaci\u00f3n estar\u00e1 a cargo del Bioqu\u00edmico Jorge Druetto. Ser\u00e1 a trav\u00e9s de la plataforma Zoom de nuestra instituci\u00f3n. Acceso libre con inscripci\u00f3n previa en la web.&hellip;","_links":{"self":[{"href":"https:\/\/colmedicosantafe1.org.ar\/index.php?rest_route=\/wp\/v2\/posts\/3865","targetHints":{"allow":["GET"]}}],"collection":[{"href":"https:\/\/colmedicosantafe1.org.ar\/index.php?rest_route=\/wp\/v2\/posts"}],"about":[{"href":"https:\/\/colmedicosantafe1.org.ar\/index.php?rest_route=\/wp\/v2\/types\/post"}],"author":[{"embeddable":true,"href":"https:\/\/colmedicosantafe1.org.ar\/index.php?rest_route=\/wp\/v2\/users\/1"}],"replies":[{"embeddable":true,"href":"https:\/\/colmedicosantafe1.org.ar\/index.php?rest_route=%2Fwp%2Fv2%2Fcomments&post=3865"}],"version-history":[{"count":0,"href":"https:\/\/colmedicosantafe1.org.ar\/index.php?rest_route=\/wp\/v2\/posts\/3865\/revisions"}],"wp:featuredmedia":[{"embeddable":true,"href":"https:\/\/colmedicosantafe1.org.ar\/index.php?rest_route=\/wp\/v2\/media\/3863"}],"wp:attachment":[{"href":"https:\/\/colmedicosantafe1.org.ar\/index.php?rest_route=%2Fwp%2Fv2%2Fmedia&parent=3865"}],"wp:term":[{"taxonomy":"category","embeddable":true,"href":"https:\/\/colmedicosantafe1.org.ar\/index.php?rest_route=%2Fwp%2Fv2%2Fcategories&post=3865"},{"taxonomy":"post_tag","embeddable":true,"href":"https:\/\/colmedicosantafe1.org.ar\/index.php?rest_route=%2Fwp%2Fv2%2Ftags&post=3865"}],"curies":[{"name":"wp","href":"https:\/\/api.w.org\/{rel}","templated":true}]}}