{"id":3862,"date":"2023-09-06T00:30:11","date_gmt":"2023-09-06T03:30:11","guid":{"rendered":"https:\/\/cmsf.org.ar\/sitio\/?p=3862"},"modified":"2023-09-06T00:30:11","modified_gmt":"2023-09-06T03:30:11","slug":"jornadas-sobre-medicina-materno-fetal-21-y-22-de-septiembre","status":"publish","type":"post","link":"https:\/\/colmedicosantafe1.org.ar\/?p=3862","title":{"rendered":"Jornadas sobre Medicina Materno Fetal &#8211; 21 y 22 de septiembre"},"content":{"rendered":"<p><img decoding=\"async\" class=\"pull-left size-full wp-image-3861\" style=\"margin: 5px;\" src=\"https:\/\/colmedicosantafe1.org.ar\/wp-content\/uploads\/2023\/09\/Medicina-Fetal.jpg\" width=\"200\" srcset=\"https:\/\/colmedicosantafe1.org.ar\/wp-content\/uploads\/2023\/09\/Medicina-Fetal.jpg 323w, https:\/\/colmedicosantafe1.org.ar\/wp-content\/uploads\/2023\/09\/Medicina-Fetal-300x192.jpg 300w\" sizes=\"(max-width: 323px) 100vw, 323px\" \/>El Colegio de M\u00e9dicos invita a las Jornadas sobre Medicina Materno Fetal organizadas por el Servicio de Obstetricia del Hospital Jos\u00e9 Mar\u00eda Cullen y Asociaci\u00f3n de Obstetricia y Ginecolog\u00eda de Santa Fe (ASOGISFE). Ser\u00e1 en modalidad presencial y virtual por plataforma Zoom. Disertar\u00e1n los profesores m\u00e9dicos Mario Palermo y Daniel Aguirre. <a href=\"https:\/\/www.eventbrite.com.ar\/e\/jornadas-sobre-medicina-maternofetal-tickets-708429500707?aff=affiliate1\">Formulario\u00a0inscripci\u00f3n.<\/a><\/p>\n<p><!--more--><\/p>\n<p>\u00a0<\/p>\n<p>\u00a0<\/p>\n<p>\u00a0<\/p>\n<p>Durante los d\u00edas 21 y 22 se desarrollar\u00e1n las \u201cJornadas sobre Medicina Materno Fetal\u201d organizadas por el Servicio de Obstetricia del Hospital Jos\u00e9 Mar\u00eda Cullen y Asociaci\u00f3n de Obstetricia y Ginecolog\u00eda de Santa Fe (ASOGISFE).<\/p>\n<p>Ser\u00e1 en modalidad presencial con transmisi\u00f3n por plataforma Zoom. El 21 de septiembre las actividades se desarrollar\u00e1n en el Colegio de M\u00e9dicos de Santa Fe; en tanto, el 22 de septiembre el encuentro ser\u00e1 en el Sal\u00f3n Auditorio del Hospital Jos\u00e9 Mar\u00eda Cullen.<\/p>\n<p>\u00a0<\/p>\n<p><strong>Disertantes<\/strong><\/p>\n<p><strong>Dr. Mario Palermo.<\/strong> Profesor de Obstetricia de la Facultad de Medicina de la UBA. Especialista en Obstetricia, Ginecolog\u00eda, Medicina Fetal y Ecograf\u00eda. Coordinador de la Red Argentina de Medicina Fetal.<\/p>\n<p><strong>Dr. Daniel Aguirre.<\/strong> Profesor de la Facultad de Medicina de Corrientes. Jefe de Docencia e Investigaci\u00f3n del Hospital Materno Neonatal Corrientes. Comisi\u00f3n Directiva SADIPT. Coordinador de la Red Argentina de Medicina Fetal.<\/p>\n<p>\u00a0<\/p>\n<p><a href=\"https:\/\/asogisfe.blogspot.com\/2023\/08\/hibrida-jornadas-sobre-medicina-fetal.html\">Temario y horarios<\/a><\/p>\n<p>\u00a0<\/p>\n<p><a href=\"https:\/\/www.eventbrite.com.ar\/e\/jornadas-sobre-medicina-maternofetal-tickets-708429500707?aff=affiliate1\">Inscripci\u00f3n<\/a><\/p>\n<p>\u00a0<\/p>\n","protected":false},"excerpt":{"rendered":"<p>El Colegio de M\u00e9dicos invita a las Jornadas sobre Medicina Materno Fetal organizadas por el Servicio de Obstetricia del Hospital Jos\u00e9 Mar\u00eda Cullen y Asociaci\u00f3n de Obstetricia y Ginecolog\u00eda de Santa Fe (ASOGISFE). Ser\u00e1 en modalidad presencial y virtual por plataforma Zoom. Disertar\u00e1n los profesores m\u00e9dicos Mario Palermo y Daniel Aguirre. Formulario\u00a0inscripci\u00f3n.<\/p>\n","protected":false},"author":1,"featured_media":3861,"comment_status":"open","ping_status":"open","sticky":true,"template":"","format":"standard","meta":{"_uag_custom_page_level_css":"","_jetpack_memberships_contains_paid_content":false,"footnotes":""},"categories":[6],"tags":[],"class_list":["post-3862","post","type-post","status-publish","format-standard","has-post-thumbnail","hentry","category-noticias"],"jetpack_sharing_enabled":true,"jetpack_featured_media_url":"https:\/\/colmedicosantafe1.org.ar\/wp-content\/uploads\/2023\/09\/Medicina-Fetal.jpg","uagb_featured_image_src":{"full":["https:\/\/colmedicosantafe1.org.ar\/wp-content\/uploads\/2023\/09\/Medicina-Fetal.jpg",323,207,false],"thumbnail":["https:\/\/colmedicosantafe1.org.ar\/wp-content\/uploads\/2023\/09\/Medicina-Fetal-150x150.jpg",150,150,true],"medium":["https:\/\/colmedicosantafe1.org.ar\/wp-content\/uploads\/2023\/09\/Medicina-Fetal-300x192.jpg",300,192,true],"medium_large":["https:\/\/colmedicosantafe1.org.ar\/wp-content\/uploads\/2023\/09\/Medicina-Fetal.jpg",323,207,false],"large":["https:\/\/colmedicosantafe1.org.ar\/wp-content\/uploads\/2023\/09\/Medicina-Fetal.jpg",323,207,false],"1536x1536":["https:\/\/colmedicosantafe1.org.ar\/wp-content\/uploads\/2023\/09\/Medicina-Fetal.jpg",323,207,false],"2048x2048":["https:\/\/colmedicosantafe1.org.ar\/wp-content\/uploads\/2023\/09\/Medicina-Fetal.jpg",323,207,false]},"uagb_author_info":{"display_name":"admin","author_link":"https:\/\/colmedicosantafe1.org.ar\/?author=1"},"uagb_comment_info":0,"uagb_excerpt":"El Colegio de M\u00e9dicos invita a las Jornadas sobre Medicina Materno Fetal organizadas por el Servicio de Obstetricia del Hospital Jos\u00e9 Mar\u00eda Cullen y Asociaci\u00f3n de Obstetricia y Ginecolog\u00eda de Santa Fe (ASOGISFE). Ser\u00e1 en modalidad presencial y virtual por plataforma Zoom. Disertar\u00e1n los profesores m\u00e9dicos Mario Palermo y Daniel Aguirre. Formulario\u00a0inscripci\u00f3n.","_links":{"self":[{"href":"https:\/\/colmedicosantafe1.org.ar\/index.php?rest_route=\/wp\/v2\/posts\/3862","targetHints":{"allow":["GET"]}}],"collection":[{"href":"https:\/\/colmedicosantafe1.org.ar\/index.php?rest_route=\/wp\/v2\/posts"}],"about":[{"href":"https:\/\/colmedicosantafe1.org.ar\/index.php?rest_route=\/wp\/v2\/types\/post"}],"author":[{"embeddable":true,"href":"https:\/\/colmedicosantafe1.org.ar\/index.php?rest_route=\/wp\/v2\/users\/1"}],"replies":[{"embeddable":true,"href":"https:\/\/colmedicosantafe1.org.ar\/index.php?rest_route=%2Fwp%2Fv2%2Fcomments&post=3862"}],"version-history":[{"count":0,"href":"https:\/\/colmedicosantafe1.org.ar\/index.php?rest_route=\/wp\/v2\/posts\/3862\/revisions"}],"wp:featuredmedia":[{"embeddable":true,"href":"https:\/\/colmedicosantafe1.org.ar\/index.php?rest_route=\/wp\/v2\/media\/3861"}],"wp:attachment":[{"href":"https:\/\/colmedicosantafe1.org.ar\/index.php?rest_route=%2Fwp%2Fv2%2Fmedia&parent=3862"}],"wp:term":[{"taxonomy":"category","embeddable":true,"href":"https:\/\/colmedicosantafe1.org.ar\/index.php?rest_route=%2Fwp%2Fv2%2Fcategories&post=3862"},{"taxonomy":"post_tag","embeddable":true,"href":"https:\/\/colmedicosantafe1.org.ar\/index.php?rest_route=%2Fwp%2Fv2%2Ftags&post=3862"}],"curies":[{"name":"wp","href":"https:\/\/api.w.org\/{rel}","templated":true}]}}