{"id":3858,"date":"2023-08-31T22:13:15","date_gmt":"2023-09-01T01:13:15","guid":{"rendered":"https:\/\/cmsf.org.ar\/sitio\/?p=3858"},"modified":"2023-08-31T22:13:15","modified_gmt":"2023-09-01T01:13:15","slug":"acreditacion-de-la-especialidad-de-cuidados-paliativos","status":"publish","type":"post","link":"https:\/\/colmedicosantafe1.org.ar\/?p=3858","title":{"rendered":"Nueva fecha para acreditaci\u00f3n de la Especialidad de Cuidados Paliativos"},"content":{"rendered":"<p><img decoding=\"async\" class=\"pull-left size-full wp-image-3542\" style=\"margin: 5px;\" src=\"https:\/\/colmedicosantafe1.org.ar\/wp-content\/uploads\/2021\/04\/Cuidados-Paliativos.jpg\" width=\"200\" srcset=\"https:\/\/colmedicosantafe1.org.ar\/wp-content\/uploads\/2021\/04\/Cuidados-Paliativos.jpg 660w, https:\/\/colmedicosantafe1.org.ar\/wp-content\/uploads\/2021\/04\/Cuidados-Paliativos-300x169.jpg 300w\" sizes=\"(max-width: 660px) 100vw, 660px\" \/>Hasta el 30 de octubre se podr\u00e1 tramitar la acreditaci\u00f3n directa de la Especialidad de Cuidados Paliativos por v\u00eda de antecedentes curriculares.<\/p>\n<p><!--more--><\/p>\n<p>El Colegio de M\u00e9dicos de Santa Fe de la 1\u00b0 Circunscripci\u00f3n informa que se encuentra abierta la inscripci\u00f3n para la acreditaci\u00f3n directa por v\u00eda curricular de la Especialidad de Cuidados Paliativos incorporada al listado de especialidades reconocidas por nuestra instituci\u00f3n.<\/p>\n<p>Para realizar el pedido de acreditaci\u00f3n directa se deber\u00e1 completar la planilla de solicitud del Anexo I y completar y actualizar los datos de curr\u00edculum profesional seg\u00fan la planilla del Anexo II.<\/p>\n<p>Es necesario contar con matr\u00edcula vigente en el Colegio de M\u00e9dicos de Santa Fe de la 1\u00b0 Circunscripci\u00f3n.<\/p>\n<p>La opci\u00f3n de acreditaci\u00f3n directa por v\u00eda curricular de la especialidad de Cuidados Paliativos estar\u00e1 vigente, por \u00fanica vez, hasta el 30 de octubre de 2023.<\/p>\n<p>\u00a0<\/p>\n<p><strong>Requisitos<\/strong><\/p>\n<p>De acuerdo a la recomendaci\u00f3n de la Comisi\u00f3n de Especialidades de \u00e9ste Colegio de M\u00e9dicos podr\u00e1n tramitar la acreditaci\u00f3n directa todos aquellos profesionales que re\u00fanan los requisitos que se detallan a continuaci\u00f3n:<\/p>\n<p>&#8211; Los m\u00e9dicos certificados en Cl\u00ednica M\u00e9dica y\/o Oncolog\u00eda y\/o Anestesia, Analgesia y Reanimaci\u00f3n y\/o Pediatr\u00eda y\/o Medicina Generalista y de Familia y\/o M\u00e9dicos que hayan tenido dedicaci\u00f3n y formaci\u00f3n exclusiva en la Especialidad; que ejerzan en la 1\u00aa Circunscripci\u00f3n y sean matriculados de \u00e9ste Colegio.<\/p>\n<p>&#8211; Quienes demuestren la pr\u00e1ctica de la Especialidad a trav\u00e9s de acciones desarrolladas en Servicios Asistenciales en los \u00faltimos 3 a\u00f1os, p\u00fablicos o privados.<\/p>\n<p>&#8211; Constancia de formaci\u00f3n en la Especialidad debidamente avalada con su certificaci\u00f3n correspondiente.<\/p>\n<p>&#8211; Deber\u00e1n acreditar 1000 puntos de antecedentes curriculares, realizados en los \u00faltimos 10 a\u00f1os de acuerdo a la planilla de puntaje curricular que se adjunta a la presente.<\/p>\n<p>&#8211; Presentar curriculum debidamente confeccionado, no en forma manuscrita, siguiendo el ordenamiento de la plantilla de puntaje curricular.<\/p>\n<p>&#8211; Los curriculum ser\u00e1n evaluados por la Comisi\u00f3n de Especialidades, quienes tendr\u00e1n la potestad de requerir opini\u00f3n en caso de ser necesario con profesionales reconocidos actualmente en la Especialidad.<\/p>\n<p>&#8211; Ser\u00e1n rechazados todos los curriculum mal confeccionados o mal presentados.<\/p>\n<p>\u00a0<\/p>\n<p><strong>Informaci\u00f3n relacionada<\/strong><\/p>\n<p><a href=\"https:\/\/colmedicosantafe1.org.ar\/wp-content\/uploads\/2023\/08\/Acreditacion_cuidados_paliativos.pdf\" target=\"_blank\" rel=\"noopener noreferrer\"><img decoding=\"async\" class=\"cke-resize cke-resize\" src=\"https:\/\/colmedicosantafe1.org.ar\/wp-content\/uploads\/2013\/08\/PDF-Icon.png\" alt=\"\" \/>Acreditaci\u00f3n Cuidados Paliativos<\/a><\/p>\n<p><a href=\"https:\/\/colmedicosantafe1.org.ar\/wp-content\/uploads\/2023\/08\/Antecedentes_Curriculares.pdf\" target=\"_blank\" rel=\"noopener noreferrer\"><img decoding=\"async\" class=\"cke-resize cke-resize\" src=\"https:\/\/colmedicosantafe1.org.ar\/wp-content\/uploads\/2013\/08\/PDF-Icon.png\" alt=\"\" \/>Antecedentes Curriculares<\/a><\/p>\n<p><a href=\"https:\/\/colmedicosantafe1.org.ar\/wp-content\/uploads\/2023\/08\/Nota_Cuidados_Paliativos.pdf\" target=\"_blank\" rel=\"noopener noreferrer\"><img decoding=\"async\" class=\"cke-resize cke-resize\" src=\"https:\/\/colmedicosantafe1.org.ar\/wp-content\/uploads\/2013\/08\/PDF-Icon.png\" alt=\"\" \/>Nota modelo para la solicitud de la acreditaci\u00f3n<\/a><\/p>\n<p><strong>Consultas<\/strong><\/p>\n<p>Comisi\u00f3n de Especialidades y Evaluaci\u00f3n de Servicios<\/p>\n<p><a href=\"mailto:especialidades@cmsf.org.ar\">especialidades@cmsf.org.ar<\/a><\/p>\n<p>Tel\u00e9fono: (0342) 4520176 \/ 77 \/ 82 interno 3<\/p>\n<p>\u00a0<\/p>\n","protected":false},"excerpt":{"rendered":"<p>Hasta el 30 de octubre se podr\u00e1 tramitar la acreditaci\u00f3n directa de la Especialidad de Cuidados Paliativos por v\u00eda de antecedentes curriculares.<\/p>\n","protected":false},"author":1,"featured_media":3542,"comment_status":"open","ping_status":"open","sticky":true,"template":"","format":"standard","meta":{"_uag_custom_page_level_css":"","_jetpack_memberships_contains_paid_content":false,"footnotes":""},"categories":[9],"tags":[],"class_list":["post-3858","post","type-post","status-publish","format-standard","has-post-thumbnail","hentry","category-institucional"],"jetpack_sharing_enabled":true,"jetpack_featured_media_url":"https:\/\/colmedicosantafe1.org.ar\/wp-content\/uploads\/2021\/04\/Cuidados-Paliativos.jpg","uagb_featured_image_src":{"full":["https:\/\/colmedicosantafe1.org.ar\/wp-content\/uploads\/2021\/04\/Cuidados-Paliativos.jpg",660,371,false],"thumbnail":["https:\/\/colmedicosantafe1.org.ar\/wp-content\/uploads\/2021\/04\/Cuidados-Paliativos-150x150.jpg",150,150,true],"medium":["https:\/\/colmedicosantafe1.org.ar\/wp-content\/uploads\/2021\/04\/Cuidados-Paliativos-300x169.jpg",300,169,true],"medium_large":["https:\/\/colmedicosantafe1.org.ar\/wp-content\/uploads\/2021\/04\/Cuidados-Paliativos.jpg",660,371,false],"large":["https:\/\/colmedicosantafe1.org.ar\/wp-content\/uploads\/2021\/04\/Cuidados-Paliativos.jpg",660,371,false],"1536x1536":["https:\/\/colmedicosantafe1.org.ar\/wp-content\/uploads\/2021\/04\/Cuidados-Paliativos.jpg",660,371,false],"2048x2048":["https:\/\/colmedicosantafe1.org.ar\/wp-content\/uploads\/2021\/04\/Cuidados-Paliativos.jpg",660,371,false]},"uagb_author_info":{"display_name":"admin","author_link":"https:\/\/colmedicosantafe1.org.ar\/?author=1"},"uagb_comment_info":0,"uagb_excerpt":"Hasta el 30 de octubre se podr\u00e1 tramitar la acreditaci\u00f3n directa de la Especialidad de Cuidados Paliativos por v\u00eda de antecedentes curriculares.","_links":{"self":[{"href":"https:\/\/colmedicosantafe1.org.ar\/index.php?rest_route=\/wp\/v2\/posts\/3858","targetHints":{"allow":["GET"]}}],"collection":[{"href":"https:\/\/colmedicosantafe1.org.ar\/index.php?rest_route=\/wp\/v2\/posts"}],"about":[{"href":"https:\/\/colmedicosantafe1.org.ar\/index.php?rest_route=\/wp\/v2\/types\/post"}],"author":[{"embeddable":true,"href":"https:\/\/colmedicosantafe1.org.ar\/index.php?rest_route=\/wp\/v2\/users\/1"}],"replies":[{"embeddable":true,"href":"https:\/\/colmedicosantafe1.org.ar\/index.php?rest_route=%2Fwp%2Fv2%2Fcomments&post=3858"}],"version-history":[{"count":0,"href":"https:\/\/colmedicosantafe1.org.ar\/index.php?rest_route=\/wp\/v2\/posts\/3858\/revisions"}],"wp:featuredmedia":[{"embeddable":true,"href":"https:\/\/colmedicosantafe1.org.ar\/index.php?rest_route=\/wp\/v2\/media\/3542"}],"wp:attachment":[{"href":"https:\/\/colmedicosantafe1.org.ar\/index.php?rest_route=%2Fwp%2Fv2%2Fmedia&parent=3858"}],"wp:term":[{"taxonomy":"category","embeddable":true,"href":"https:\/\/colmedicosantafe1.org.ar\/index.php?rest_route=%2Fwp%2Fv2%2Fcategories&post=3858"},{"taxonomy":"post_tag","embeddable":true,"href":"https:\/\/colmedicosantafe1.org.ar\/index.php?rest_route=%2Fwp%2Fv2%2Ftags&post=3858"}],"curies":[{"name":"wp","href":"https:\/\/api.w.org\/{rel}","templated":true}]}}