{"id":3852,"date":"2023-08-28T11:37:55","date_gmt":"2023-08-28T14:37:55","guid":{"rendered":"https:\/\/cmsf.org.ar\/sitio\/?p=3852"},"modified":"2023-08-28T11:37:55","modified_gmt":"2023-08-28T14:37:55","slug":"curso-de-rcp-para-responsables-de-gimnasios-de-santa-fe-2","status":"publish","type":"post","link":"https:\/\/colmedicosantafe1.org.ar\/?p=3852","title":{"rendered":"Curso de RCP para responsables de gimnasios de Santa Fe &#8211; 16 de septiembre"},"content":{"rendered":"<p><img decoding=\"async\" class=\"pull-left size-full wp-image-3620\" style=\"margin: 5px;\" src=\"https:\/\/colmedicosantafe1.org.ar\/wp-content\/uploads\/2021\/10\/RCP-2021.jpg\" width=\"200\" srcset=\"https:\/\/colmedicosantafe1.org.ar\/wp-content\/uploads\/2021\/10\/RCP-2021.jpg 2560w, https:\/\/colmedicosantafe1.org.ar\/wp-content\/uploads\/2021\/10\/RCP-2021-300x200.jpg 300w, https:\/\/colmedicosantafe1.org.ar\/wp-content\/uploads\/2021\/10\/RCP-2021-1024x683.jpg 1024w, https:\/\/colmedicosantafe1.org.ar\/wp-content\/uploads\/2021\/10\/RCP-2021-768x512.jpg 768w, https:\/\/colmedicosantafe1.org.ar\/wp-content\/uploads\/2021\/10\/RCP-2021-1536x1024.jpg 1536w, https:\/\/colmedicosantafe1.org.ar\/wp-content\/uploads\/2021\/10\/RCP-2021-2048x1366.jpg 2048w\" sizes=\"(max-width: 2560px) 100vw, 2560px\" \/>El s\u00e1bado 16 de septiembre se realizar\u00e1 un nuevo curso Reanimaci\u00f3n Cardio Pulmonar organizado por el Colegio de M\u00e9dicos en conjunto con C\u00e1mara de Gimnasios de Santa Fe. La actividad est\u00e1 dirigida a personas con poco o ning\u00fan entrenamiento en temas m\u00e9dicos. Actividad gratuita con inscripci\u00f3n previa. <a href=\"https:\/\/forms.gle\/dBvJAR9z6DqxB4GS8\" target=\"_blank\" rel=\"noopener noreferrer\">Formulario de inscripci\u00f3n<\/a>.<\/p>\n<p><!--more--><\/p>\n<p>\u00a0<\/p>\n<p>\u00a0<\/p>\n<p>El Colegio de M\u00e9dicos de Santa Fe y la C\u00e1mara de Gimnasios de Santa Fe organizan este curso b\u00e1sico de RCP orientado a los responsables de gimnasios de la ciudad con el prop\u00f3sito de acompa\u00f1ar los requerimientos de mayor conocimiento y de compromiso solidario de las personas con las situaciones vitales cr\u00edticas que se presentan en diferentes \u00e1mbitos de la vida social.<\/p>\n<p>Esta capacitaci\u00f3n es dictada por el Dr. Julio Rico en base a los protocolos de la American Heart Association (AHA).<\/p>\n<p>El encuentro ser\u00e1 el pr\u00f3ximo 16 de septiembre, desde las 8.30 a 12.30 horas, en las instalaciones de nuestra instituci\u00f3n ubicada en 9 de Julio 2464 de la ciudad de Santa Fe.<\/p>\n<p>La actividad es gratuita, con cupo limitado para asegurar las estaciones de pr\u00e1ctica, y requiere inscripci\u00f3n previa a trav\u00e9s de la C\u00e1mara de Gimnasios de Santa Fe.<\/p>\n","protected":false},"excerpt":{"rendered":"<p>El s\u00e1bado 16 de septiembre se realizar\u00e1 un nuevo curso Reanimaci\u00f3n Cardio Pulmonar organizado por el Colegio de M\u00e9dicos en conjunto con C\u00e1mara de Gimnasios de Santa Fe. La actividad est\u00e1 dirigida a personas con poco o ning\u00fan entrenamiento en temas m\u00e9dicos. Actividad gratuita con inscripci\u00f3n previa. Formulario de inscripci\u00f3n.<\/p>\n","protected":false},"author":1,"featured_media":3620,"comment_status":"open","ping_status":"open","sticky":true,"template":"","format":"standard","meta":{"_uag_custom_page_level_css":"","_jetpack_memberships_contains_paid_content":false,"footnotes":""},"categories":[30],"tags":[],"class_list":["post-3852","post","type-post","status-publish","format-standard","has-post-thumbnail","hentry","category-cursos"],"jetpack_sharing_enabled":true,"jetpack_featured_media_url":"https:\/\/colmedicosantafe1.org.ar\/wp-content\/uploads\/2021\/10\/RCP-2021.jpg","uagb_featured_image_src":{"full":["https:\/\/colmedicosantafe1.org.ar\/wp-content\/uploads\/2021\/10\/RCP-2021.jpg",2560,1707,false],"thumbnail":["https:\/\/colmedicosantafe1.org.ar\/wp-content\/uploads\/2021\/10\/RCP-2021-150x150.jpg",150,150,true],"medium":["https:\/\/colmedicosantafe1.org.ar\/wp-content\/uploads\/2021\/10\/RCP-2021-300x200.jpg",300,200,true],"medium_large":["https:\/\/colmedicosantafe1.org.ar\/wp-content\/uploads\/2021\/10\/RCP-2021-768x512.jpg",768,512,true],"large":["https:\/\/colmedicosantafe1.org.ar\/wp-content\/uploads\/2021\/10\/RCP-2021-1024x683.jpg",1024,683,true],"1536x1536":["https:\/\/colmedicosantafe1.org.ar\/wp-content\/uploads\/2021\/10\/RCP-2021-1536x1024.jpg",1536,1024,true],"2048x2048":["https:\/\/colmedicosantafe1.org.ar\/wp-content\/uploads\/2021\/10\/RCP-2021-2048x1366.jpg",2048,1366,true]},"uagb_author_info":{"display_name":"admin","author_link":"https:\/\/colmedicosantafe1.org.ar\/?author=1"},"uagb_comment_info":0,"uagb_excerpt":"El s\u00e1bado 16 de septiembre se realizar\u00e1 un nuevo curso Reanimaci\u00f3n Cardio Pulmonar organizado por el Colegio de M\u00e9dicos en conjunto con C\u00e1mara de Gimnasios de Santa Fe. La actividad est\u00e1 dirigida a personas con poco o ning\u00fan entrenamiento en temas m\u00e9dicos. Actividad gratuita con inscripci\u00f3n previa. Formulario de inscripci\u00f3n.","_links":{"self":[{"href":"https:\/\/colmedicosantafe1.org.ar\/index.php?rest_route=\/wp\/v2\/posts\/3852","targetHints":{"allow":["GET"]}}],"collection":[{"href":"https:\/\/colmedicosantafe1.org.ar\/index.php?rest_route=\/wp\/v2\/posts"}],"about":[{"href":"https:\/\/colmedicosantafe1.org.ar\/index.php?rest_route=\/wp\/v2\/types\/post"}],"author":[{"embeddable":true,"href":"https:\/\/colmedicosantafe1.org.ar\/index.php?rest_route=\/wp\/v2\/users\/1"}],"replies":[{"embeddable":true,"href":"https:\/\/colmedicosantafe1.org.ar\/index.php?rest_route=%2Fwp%2Fv2%2Fcomments&post=3852"}],"version-history":[{"count":0,"href":"https:\/\/colmedicosantafe1.org.ar\/index.php?rest_route=\/wp\/v2\/posts\/3852\/revisions"}],"wp:featuredmedia":[{"embeddable":true,"href":"https:\/\/colmedicosantafe1.org.ar\/index.php?rest_route=\/wp\/v2\/media\/3620"}],"wp:attachment":[{"href":"https:\/\/colmedicosantafe1.org.ar\/index.php?rest_route=%2Fwp%2Fv2%2Fmedia&parent=3852"}],"wp:term":[{"taxonomy":"category","embeddable":true,"href":"https:\/\/colmedicosantafe1.org.ar\/index.php?rest_route=%2Fwp%2Fv2%2Fcategories&post=3852"},{"taxonomy":"post_tag","embeddable":true,"href":"https:\/\/colmedicosantafe1.org.ar\/index.php?rest_route=%2Fwp%2Fv2%2Ftags&post=3852"}],"curies":[{"name":"wp","href":"https:\/\/api.w.org\/{rel}","templated":true}]}}