{"id":3851,"date":"2023-08-14T23:02:53","date_gmt":"2023-08-15T02:02:53","guid":{"rendered":"https:\/\/cmsf.org.ar\/sitio\/?p=3851"},"modified":"2023-08-14T23:02:53","modified_gmt":"2023-08-15T02:02:53","slug":"curso-para-conductores-de-ambulancias-11-de-septiembre","status":"publish","type":"post","link":"https:\/\/colmedicosantafe1.org.ar\/?p=3851","title":{"rendered":"Curso para conductores de ambulancias \u2013 11 de septiembre y 26 de octubre"},"content":{"rendered":"<p><img decoding=\"async\" class=\"pull-left size-full wp-image-3684\" style=\"margin: 5px;\" src=\"https:\/\/colmedicosantafe1.org.ar\/wp-content\/uploads\/2022\/05\/Ambulancias-2022.jpg\" width=\"200\" srcset=\"https:\/\/colmedicosantafe1.org.ar\/wp-content\/uploads\/2022\/05\/Ambulancias-2022.jpg 800w, https:\/\/colmedicosantafe1.org.ar\/wp-content\/uploads\/2022\/05\/Ambulancias-2022-300x200.jpg 300w, https:\/\/colmedicosantafe1.org.ar\/wp-content\/uploads\/2022\/05\/Ambulancias-2022-768x512.jpg 768w\" sizes=\"(max-width: 800px) 100vw, 800px\" \/>El Colegio de M\u00e9dicos de Santa Fe, abre la inscripci\u00f3n a una nueva cohorte de capacitaci\u00f3n para conductores de ambulancias. Se desarrollar\u00e1 en modalidad presencial en la sede de nuestra instituci\u00f3n. Finaliza con una evaluaci\u00f3n final. Curso arancelado.<\/p>\n<p>(Cupo completo para el 11\/09\/2023) <a href=\"https:\/\/forms.gle\/uHaqrKCNS9AXvdWZ9\" target=\"_blank\" rel=\"noopener noreferrer\">Formulario de Inscripci\u00f3n<\/a>.<\/p>\n<p><strong>NUEVA FECHA: Inicio 26\/10\/2023\u00a0 <a href=\"https:\/\/forms.gle\/A7GUeqcrr5VBsnGS9\" target=\"_blank\" rel=\"noopener noreferrer\">Formulario de Inscripci\u00f3n.<\/a> <\/strong><\/p>\n<p><!--more--><\/p>\n<p>\u00a0<\/p>\n<p>El pr\u00f3ximo lunes 11 de septiembre, en el horario de 9 a 18 horas, se realizar\u00e1 una nueva edici\u00f3n de esta novedosa propuesta de capacitaci\u00f3n del Colegio de M\u00e9dicos de Santa Fe dirigida a conductores de ambulancias.<\/p>\n<p>\u00a0<\/p>\n<p><strong>Contenidos<\/strong><\/p>\n<ul>\n<li>Caracter\u00edsticas de las unidades utilizadas por nuestro sistema.<\/li>\n<li>El Chofer Profesional \u201cConsideraciones a tener en cuenta\u201d.<\/li>\n<li>Manejo Defensivo. Lo que debo saber.<\/li>\n<li>La Trilog\u00eda Vial. Debilidades y Fortalezas de cada factor.<\/li>\n<li>La Prevenci\u00f3n como herramienta de trabajo.<\/li>\n<li>Documentaci\u00f3n y aspectos de competencia personal.<\/li>\n<li>El CHEK LIST. (Su composici\u00f3n, importancia y forma de cargarlo en el sistema).<\/li>\n<li>Diferencia entre Chofer y conductor.<\/li>\n<li>Grado de competencia en el trabajo. (Deberes &#8211; Obligaciones y Responsabilidades)<\/li>\n<li>Aspectos destacados de la Ley de Tr\u00e1nsito y su aplicaci\u00f3n a nuestra labor.<\/li>\n<li>Factores de riesgo. Control de salud. Tendencias y enfermedades m\u00e1s importantes de nuestra profesi\u00f3n.<\/li>\n<li>Prevenci\u00f3n y labor ante siniestros con M.M.P.P. (\u00bfQu\u00e9 debo hacer y qu\u00e9 no?).<\/li>\n<li>(Aspectos destacados).<\/li>\n<li>El uso de la informaci\u00f3n. Su importancia y los detalles a tener en cuenta.<\/li>\n<li>C\u00f3digos Q. (Los m\u00e1s destacados).<\/li>\n<li>La din\u00e1mica de trabajo. \u00bfC\u00f3mo actuar? Ejemplos de trabajo operativo.<\/li>\n<li>Nociones elementales de Aparatolog\u00eda de la Unidad.<\/li>\n<li>Reconocimiento y buen uso de elementos de trabajo.<\/li>\n<li>Trauma y Primeros Auxilios aplicados.<\/li>\n<li>C.P. (Nuestro rol como integrante del equipo de trabajo).<\/li>\n<li>Uso de D.E.A. (Caracter\u00edsticas de los mismos).<\/li>\n<\/ul>\n<p>\u00a0<\/p>\n<p><strong>Din\u00e1mica de clase<\/strong><\/p>\n<p>&#8211; Conducci\u00f3n y leyes regulatorias (2 horas 30 minutos).<\/p>\n<p>&#8211; Primeros Auxilios b\u00e1sicos (2 horas 30 minutos).<\/p>\n<p>&#8211; Aparatolog\u00eda. Pr\u00e1ctica de din\u00e1mica de trabajo (3 horas).<\/p>\n<p>\u00a0<\/p>\n<p>Para el pago del arancel comunicarse a: <a href=\"mailto:marianam@cmsf.org.ar\">marianam@cmsf.org.ar<\/a><\/p>\n<p>\u00a0<\/p>\n<p><strong>Informaci\u00f3n<\/strong><\/p>\n<p>Colegio de M\u00e9dicos de Santa Fe &#8211; 1\u00ba Circunscripci\u00f3n<\/p>\n<p>9 de Julio 2464. Ciudad de Santa Fe.\u00a0\u00a0\u00a0\u00a0\u00a0<\/p>\n<p>\u00a0<\/p>\n<p>\u00a0<\/p>\n","protected":false},"excerpt":{"rendered":"<p>El Colegio de M\u00e9dicos de Santa Fe, abre la inscripci\u00f3n a una nueva cohorte de capacitaci\u00f3n para conductores de ambulancias. Se desarrollar\u00e1 en modalidad presencial en la sede de nuestra instituci\u00f3n. Finaliza con una evaluaci\u00f3n final. Curso arancelado. (Cupo completo para el 11\/09\/2023) Formulario de Inscripci\u00f3n. NUEVA FECHA: Inicio 26\/10\/2023\u00a0 Formulario de Inscripci\u00f3n.<\/p>\n","protected":false},"author":1,"featured_media":3684,"comment_status":"open","ping_status":"open","sticky":true,"template":"","format":"standard","meta":{"_uag_custom_page_level_css":"","_jetpack_memberships_contains_paid_content":false,"footnotes":""},"categories":[6],"tags":[],"class_list":["post-3851","post","type-post","status-publish","format-standard","has-post-thumbnail","hentry","category-noticias"],"jetpack_sharing_enabled":true,"jetpack_featured_media_url":"https:\/\/colmedicosantafe1.org.ar\/wp-content\/uploads\/2022\/05\/Ambulancias-2022.jpg","uagb_featured_image_src":{"full":["https:\/\/colmedicosantafe1.org.ar\/wp-content\/uploads\/2022\/05\/Ambulancias-2022.jpg",800,533,false],"thumbnail":["https:\/\/colmedicosantafe1.org.ar\/wp-content\/uploads\/2022\/05\/Ambulancias-2022-150x150.jpg",150,150,true],"medium":["https:\/\/colmedicosantafe1.org.ar\/wp-content\/uploads\/2022\/05\/Ambulancias-2022-300x200.jpg",300,200,true],"medium_large":["https:\/\/colmedicosantafe1.org.ar\/wp-content\/uploads\/2022\/05\/Ambulancias-2022-768x512.jpg",768,512,true],"large":["https:\/\/colmedicosantafe1.org.ar\/wp-content\/uploads\/2022\/05\/Ambulancias-2022.jpg",800,533,false],"1536x1536":["https:\/\/colmedicosantafe1.org.ar\/wp-content\/uploads\/2022\/05\/Ambulancias-2022.jpg",800,533,false],"2048x2048":["https:\/\/colmedicosantafe1.org.ar\/wp-content\/uploads\/2022\/05\/Ambulancias-2022.jpg",800,533,false]},"uagb_author_info":{"display_name":"admin","author_link":"https:\/\/colmedicosantafe1.org.ar\/?author=1"},"uagb_comment_info":0,"uagb_excerpt":"El Colegio de M\u00e9dicos de Santa Fe, abre la inscripci\u00f3n a una nueva cohorte de capacitaci\u00f3n para conductores de ambulancias. Se desarrollar\u00e1 en modalidad presencial en la sede de nuestra instituci\u00f3n. Finaliza con una evaluaci\u00f3n final. Curso arancelado. (Cupo completo para el 11\/09\/2023) Formulario de Inscripci\u00f3n. NUEVA FECHA: Inicio 26\/10\/2023\u00a0 Formulario de Inscripci\u00f3n.","_links":{"self":[{"href":"https:\/\/colmedicosantafe1.org.ar\/index.php?rest_route=\/wp\/v2\/posts\/3851","targetHints":{"allow":["GET"]}}],"collection":[{"href":"https:\/\/colmedicosantafe1.org.ar\/index.php?rest_route=\/wp\/v2\/posts"}],"about":[{"href":"https:\/\/colmedicosantafe1.org.ar\/index.php?rest_route=\/wp\/v2\/types\/post"}],"author":[{"embeddable":true,"href":"https:\/\/colmedicosantafe1.org.ar\/index.php?rest_route=\/wp\/v2\/users\/1"}],"replies":[{"embeddable":true,"href":"https:\/\/colmedicosantafe1.org.ar\/index.php?rest_route=%2Fwp%2Fv2%2Fcomments&post=3851"}],"version-history":[{"count":0,"href":"https:\/\/colmedicosantafe1.org.ar\/index.php?rest_route=\/wp\/v2\/posts\/3851\/revisions"}],"wp:featuredmedia":[{"embeddable":true,"href":"https:\/\/colmedicosantafe1.org.ar\/index.php?rest_route=\/wp\/v2\/media\/3684"}],"wp:attachment":[{"href":"https:\/\/colmedicosantafe1.org.ar\/index.php?rest_route=%2Fwp%2Fv2%2Fmedia&parent=3851"}],"wp:term":[{"taxonomy":"category","embeddable":true,"href":"https:\/\/colmedicosantafe1.org.ar\/index.php?rest_route=%2Fwp%2Fv2%2Fcategories&post=3851"},{"taxonomy":"post_tag","embeddable":true,"href":"https:\/\/colmedicosantafe1.org.ar\/index.php?rest_route=%2Fwp%2Fv2%2Ftags&post=3851"}],"curies":[{"name":"wp","href":"https:\/\/api.w.org\/{rel}","templated":true}]}}