{"id":3849,"date":"2023-08-11T01:06:08","date_gmt":"2023-08-11T04:06:08","guid":{"rendered":"https:\/\/cmsf.org.ar\/sitio\/?p=3849"},"modified":"2023-08-11T01:06:08","modified_gmt":"2023-08-11T04:06:08","slug":"curso-de-diagnostico-por-imagenes-inicio-1-de-septiembre","status":"publish","type":"post","link":"https:\/\/colmedicosantafe1.org.ar\/?p=3849","title":{"rendered":"Curso de Diagn\u00f3stico por Im\u00e1genes \u2013 Inicio 1\u00b0 de septiembre"},"content":{"rendered":"<p>\u00a0<img decoding=\"async\" class=\"pull-left size-full wp-image-3563\" style=\"margin: 5px;\" src=\"https:\/\/colmedicosantafe1.org.ar\/wp-content\/uploads\/2021\/05\/Equipo-Rayos-X.jpg\" width=\"200\" srcset=\"https:\/\/colmedicosantafe1.org.ar\/wp-content\/uploads\/2021\/05\/Equipo-Rayos-X.jpg 1024w, https:\/\/colmedicosantafe1.org.ar\/wp-content\/uploads\/2021\/05\/Equipo-Rayos-X-300x200.jpg 300w, https:\/\/colmedicosantafe1.org.ar\/wp-content\/uploads\/2021\/05\/Equipo-Rayos-X-768x512.jpg 768w\" sizes=\"(max-width: 1024px) 100vw, 1024px\" \/>El pr\u00f3ximo 1\u00b0 de septiembre comenzar\u00e1 el Curso de Diagn\u00f3stico por Im\u00e1genes organizado por el Colegio de M\u00e9dicos de Santa Fe. Coordinado por el Dr. Sebasti\u00e1n Gim\u00e9nez. El programa abordar\u00e1 diversas patolog\u00edas asociadas a casos cl\u00ednicos. Seis encuentros y examen final. Arancelado. <a href=\"https:\/\/forms.gle\/9LTiaLDXFWFq8tFK6\" target=\"_blank\" rel=\"noopener noreferrer\">Formulario de inscripci\u00f3n<\/a>.<\/p>\n<p><!--more--><\/p>\n<p>Se encuentra abierta la inscripci\u00f3n al Curso de Diagn\u00f3stico por Im\u00e1genes organizado por el Colegio de M\u00e9dicos de Santa Fe y coordinado por el Dr. Sebasti\u00e1n Gim\u00e9nez.<\/p>\n<p>La propuesta est\u00e1 dirigida a estudiantes del \u00faltimo a\u00f1o de la carrera de Medicina, profesionales de reciente graduaci\u00f3n, y especialistas en general.<\/p>\n<p>Las clases ser\u00e1n presenciales, se desarrollar\u00e1n en el Sal\u00f3n Auditorio \u201c3 de Diciembre\u201d del Colegio de M\u00e9dicos de Santa Fe, ubicado en 9 de Julio 2464, ciudad de Santa Fe.<\/p>\n<p>Este curso es arancelado (Incluye breck y diploma), tiene una carga horaria de 25 horas, con examen final.<\/p>\n<p>\u00a0<\/p>\n<p><strong>Programa<\/strong><\/p>\n<p>M\u00f3dulo 1 &#8211; Viernes 1 de septiembre de 2023 &#8211; 19 a 21 horas<\/p>\n<p>Tema: Radiolog\u00eda de Abdomen. Rol de las im\u00e1genes en el Abdomen agudo. Valor diagn\u00f3stico de la tomograf\u00eda computada en la obstrucci\u00f3n intestinal. Caracter\u00edsticas de los tumores de intestino delgado y colon en tomograf\u00eda computada. Casos cl\u00ednicos interesantes<\/p>\n<p>Disertante: Dr. Sebasti\u00e1n Gim\u00e9nez.<\/p>\n<p>\u00a0<\/p>\n<p>M\u00f3dulo 2 &#8211; Viernes 15 de septiembre de 2023 &#8211; 19:00 a 21 horas.<\/p>\n<p>Tema: Radiolog\u00eda del Sistema Nervioso Central. T\u00e9cnicas de estudio del sistema nervioso central.<\/p>\n<p>Traumatismos craneoencef\u00e1licos. Casos cl\u00ednicos interesantes.<\/p>\n<p>Disertante: Dr. Hern\u00e1n Brouver de K\u00f6ning.<\/p>\n<p>\u00a0<\/p>\n<p>M\u00f3dulo 3 &#8211; Viernes 29 de septiembre de 2023 &#8211; 19 a 21 horas.<\/p>\n<p>Tema: Radiolog\u00eda T\u00f3rax. Intersticiopat\u00edas, lo que debemos conocer en TCAR. Infecciones pulmonares prevalentes.<\/p>\n<p>Disertante: Dr. Cristian Froullet.<\/p>\n<p>\u00a0<\/p>\n<p>M\u00f3dulo 4 \u2013 Viernes 20 de octubre de 2023 &#8211; 19 a 21 horas.<\/p>\n<p>Tema: Radiolog\u00eda Osteoarticular. Anatom\u00eda normal de rodilla y patolog\u00edas prevalentes. Anatom\u00eda normal de hombro y patolog\u00edas prevalentes.<\/p>\n<p>Disertante Dr. Mauricio Zenklusen.<\/p>\n<p>\u00a0<\/p>\n<p>M\u00f3dulo 5 &#8211; Viernes 3 de noviembre de 2023 \u2013 19 a 21 horas.<\/p>\n<p>Tema: Radiolog\u00eda en Ginecolog\u00eda. Evaluaci\u00f3n de la pelvis normal y del ciclo menstrual. Ecograf\u00eda en urgencias ginecol\u00f3gicas. Neoplasia de ovario.<\/p>\n<p>Disertante: Dra. Florencia Soloaga.<\/p>\n<p>\u00a0<\/p>\n<p>M\u00f3dulo 6 &#8211; Viernes 24 de noviembre de 2023 &#8211; 19:00 a 21 horas.<\/p>\n<p>Casos cl\u00ednicos interesantes<\/p>\n<p>Disertantes. Dr Mart\u00edn Gonz\u00e1lez. Dr Emiliano Piantino. Dr Sebasti\u00e1n Gim\u00e9nez.<\/p>\n<p>\u00a0<\/p>\n<p><strong>Informes<\/strong><\/p>\n<p>Colegio de M\u00e9dicos de Santa Fe. 1\u00ba Circunscripci\u00f3n &#8211; 9 de julio 2464. Santa Fe.<\/p>\n<p>Tel\u00e9fono: (0342) 4520176 interno 7\u00a0\u00a0 \u00a0\u00a0\u00a0\u00a0<\/p>\n<p>Correo: <a href=\"mailto:marianam@cmsf.org.ar\">marianam@cmsf.org.ar<\/a><\/p>\n<p>\u00a0<\/p>\n","protected":false},"excerpt":{"rendered":"<p>\u00a0El pr\u00f3ximo 1\u00b0 de septiembre comenzar\u00e1 el Curso de Diagn\u00f3stico por Im\u00e1genes organizado por el Colegio de M\u00e9dicos de Santa Fe. Coordinado por el Dr. Sebasti\u00e1n Gim\u00e9nez. El programa abordar\u00e1 diversas patolog\u00edas asociadas a casos cl\u00ednicos. Seis encuentros y examen final. Arancelado. Formulario de inscripci\u00f3n.<\/p>\n","protected":false},"author":1,"featured_media":3563,"comment_status":"open","ping_status":"open","sticky":true,"template":"","format":"standard","meta":{"_uag_custom_page_level_css":"","_jetpack_memberships_contains_paid_content":false,"footnotes":""},"categories":[30],"tags":[],"class_list":["post-3849","post","type-post","status-publish","format-standard","has-post-thumbnail","hentry","category-cursos"],"jetpack_sharing_enabled":true,"jetpack_featured_media_url":"https:\/\/colmedicosantafe1.org.ar\/wp-content\/uploads\/2021\/05\/Equipo-Rayos-X.jpg","uagb_featured_image_src":{"full":["https:\/\/colmedicosantafe1.org.ar\/wp-content\/uploads\/2021\/05\/Equipo-Rayos-X.jpg",1024,683,false],"thumbnail":["https:\/\/colmedicosantafe1.org.ar\/wp-content\/uploads\/2021\/05\/Equipo-Rayos-X-150x150.jpg",150,150,true],"medium":["https:\/\/colmedicosantafe1.org.ar\/wp-content\/uploads\/2021\/05\/Equipo-Rayos-X-300x200.jpg",300,200,true],"medium_large":["https:\/\/colmedicosantafe1.org.ar\/wp-content\/uploads\/2021\/05\/Equipo-Rayos-X-768x512.jpg",768,512,true],"large":["https:\/\/colmedicosantafe1.org.ar\/wp-content\/uploads\/2021\/05\/Equipo-Rayos-X.jpg",1024,683,false],"1536x1536":["https:\/\/colmedicosantafe1.org.ar\/wp-content\/uploads\/2021\/05\/Equipo-Rayos-X.jpg",1024,683,false],"2048x2048":["https:\/\/colmedicosantafe1.org.ar\/wp-content\/uploads\/2021\/05\/Equipo-Rayos-X.jpg",1024,683,false]},"uagb_author_info":{"display_name":"admin","author_link":"https:\/\/colmedicosantafe1.org.ar\/?author=1"},"uagb_comment_info":0,"uagb_excerpt":"\u00a0El pr\u00f3ximo 1\u00b0 de septiembre comenzar\u00e1 el Curso de Diagn\u00f3stico por Im\u00e1genes organizado por el Colegio de M\u00e9dicos de Santa Fe. Coordinado por el Dr. Sebasti\u00e1n Gim\u00e9nez. El programa abordar\u00e1 diversas patolog\u00edas asociadas a casos cl\u00ednicos. Seis encuentros y examen final. Arancelado. Formulario de inscripci\u00f3n.","_links":{"self":[{"href":"https:\/\/colmedicosantafe1.org.ar\/index.php?rest_route=\/wp\/v2\/posts\/3849","targetHints":{"allow":["GET"]}}],"collection":[{"href":"https:\/\/colmedicosantafe1.org.ar\/index.php?rest_route=\/wp\/v2\/posts"}],"about":[{"href":"https:\/\/colmedicosantafe1.org.ar\/index.php?rest_route=\/wp\/v2\/types\/post"}],"author":[{"embeddable":true,"href":"https:\/\/colmedicosantafe1.org.ar\/index.php?rest_route=\/wp\/v2\/users\/1"}],"replies":[{"embeddable":true,"href":"https:\/\/colmedicosantafe1.org.ar\/index.php?rest_route=%2Fwp%2Fv2%2Fcomments&post=3849"}],"version-history":[{"count":0,"href":"https:\/\/colmedicosantafe1.org.ar\/index.php?rest_route=\/wp\/v2\/posts\/3849\/revisions"}],"wp:featuredmedia":[{"embeddable":true,"href":"https:\/\/colmedicosantafe1.org.ar\/index.php?rest_route=\/wp\/v2\/media\/3563"}],"wp:attachment":[{"href":"https:\/\/colmedicosantafe1.org.ar\/index.php?rest_route=%2Fwp%2Fv2%2Fmedia&parent=3849"}],"wp:term":[{"taxonomy":"category","embeddable":true,"href":"https:\/\/colmedicosantafe1.org.ar\/index.php?rest_route=%2Fwp%2Fv2%2Fcategories&post=3849"},{"taxonomy":"post_tag","embeddable":true,"href":"https:\/\/colmedicosantafe1.org.ar\/index.php?rest_route=%2Fwp%2Fv2%2Ftags&post=3849"}],"curies":[{"name":"wp","href":"https:\/\/api.w.org\/{rel}","templated":true}]}}