{"id":3843,"date":"2023-07-31T00:09:22","date_gmt":"2023-07-31T03:09:22","guid":{"rendered":"https:\/\/cmsf.org.ar\/sitio\/?p=3843"},"modified":"2023-07-31T00:09:22","modified_gmt":"2023-07-31T03:09:22","slug":"curso-sobre-apoyo-vital-cardiaco-avanzado-para-el-equipo-de-salud-28-y-29-de-agosto","status":"publish","type":"post","link":"https:\/\/colmedicosantafe1.org.ar\/?p=3843","title":{"rendered":"CUPOS COMPLETOS &#8211; Curso sobre Apoyo Vital Card\u00edaco Avanzado (ACLS) \u2013 28 y 29 de agosto"},"content":{"rendered":"<p><img decoding=\"async\" class=\"pull-left size-full wp-image-3842\" style=\"margin: 5px;\" src=\"https:\/\/colmedicosantafe1.org.ar\/wp-content\/uploads\/2023\/07\/Apoyo-cardiaco-Vital-.jpg\" width=\"200\" \/>Se encuentra abierta la inscripci\u00f3n al Curso sobre Apoyo Vital Card\u00edaco Avanzado para el equipo de salud organizado por el Colegio de M\u00e9dicos de Santa Fe. Dirigido al personal de emergencia, de cuidado intensivo, m\u00e9dicos, enfermeros, t\u00e9cnicos en emergencias y otros profesionales involucrados en la emergencia cardiovascular. M\u00f3dulo te\u00f3ricos online y parte pr\u00e1ctica presencial. Arancelado. Formulario de inscripci\u00f3n.<\/p>\n<p><!--more--><\/p>\n<p>\u00a0<\/p>\n<p>\u00a0<\/p>\n<p>\u00a0<\/p>\n<p>El curso de ACLS est\u00e1 dise\u00f1ado para ense\u00f1ar los conocimientos y habilidades necesarias para evaluar y manejar los primeros diez minutos de un adulto en paro card\u00edaco por FV\/VT. Se espera que los estudiantes aprendan a manejar diez casos b\u00e1sicos del ACLS: emergencia respiratoria, cuatro tipos de fallo cardiaco (VF\/VT simple, VF\/VT complejo, AESP y asistolia), los cuatro tipos de emergencias pre-paro (bradicardia, taquicardia estable, taquicardia inestable, s\u00edndromes coronarios agudos) y ataque cerebral.<\/p>\n<p>Este curso tiene un cupo de participantes que permita una ense\u00f1anza personalizada y ayude a su exitosa culminaci\u00f3n.<\/p>\n<p>Se requiere la lectura previa del manual y del material suplementario, as\u00ed como la realizaci\u00f3n de un pretest, con el prop\u00f3sito de aprovechar al m\u00e1ximo las estaciones pr\u00e1cticas. Los instructores dedicar\u00e1n su tiempo a que cada alumno adquiera destreza en las maniobras que contemplan los diferentes protocolos de atenci\u00f3n.<\/p>\n<p>El curso est\u00e1 dirigido al personal de emergencia, de cuidado intensivo, m\u00e9dicos, enfermeros, t\u00e9cnicos en emergencias y otros profesionales que pueden necesitar responder a una emergencia cardiovascular.<\/p>\n<p>\u00a0<\/p>\n<p><strong>Temario<\/strong><\/p>\n<p>Perspectiva general del curso de SVCA\u00a0<\/p>\n<p>Evaluaci\u00f3n primaria de SVB y evaluaci\u00f3n secundaria de SVCA\u00a0<\/p>\n<p>Manejo del paro respiratorio\u00a0 RCP B\u00e1sica y manejo del DEA\u00a0<\/p>\n<p>Revisi\u00f3n de tecnolog\u00eda\u00a0<\/p>\n<p>El concepto de C\u00f3digo Mega y equipo de resucitaci\u00f3n\u00a0<\/p>\n<p>M\u00f3dulo de aprendizaje de FV\/TV en el paro cardiorrespiratorio\u00a0<\/p>\n<p>S\u00edndrome coronario agudo\u00a0<\/p>\n<p>M\u00f3dulo de aprendizaje de bradicardia\/asistolia\/AESP\u00a0<\/p>\n<p>Ataque cerebral\u00a0<\/p>\n<p>M\u00f3dulo de aprendizaje de integraci\u00f3n de los contenidos\u00a0<\/p>\n<p>\u00a0<\/p>\n<p><strong>Modalidad de cursado<\/strong><\/p>\n<p>M\u00f3dulos de lectura y pretest de manera online con acceso al material mediante aula virtual.<\/p>\n<p>Los m\u00f3dulos pr\u00e1cticos ser\u00e1n presenciales en la sede del Colegio de M\u00e9dicos de Santa Fe, 9 de Julio 2464. Tendr\u00e1n una carga horaria de ocho horas intensiva con un descanso intermedio con dos opciones de realizaci\u00f3n para los d\u00edas lunes 28 o martes 29 de agosto.<\/p>\n<p>\u00a0<\/p>\n<p><strong>Informaci\u00f3n <\/strong><\/p>\n<p>Colegio M\u00e9dico de Santa Fe 1ra. Circunscripci\u00f3n:<\/p>\n<p>9 de Julio 2464 (3000 &#8211; Santa Fe)<\/p>\n<p>Tel\u00e9fono (0342) 4520176 interno 7<\/p>\n<p>Correo: marianam@cmsf.org.ar<\/p>\n","protected":false},"excerpt":{"rendered":"<p>Se encuentra abierta la inscripci\u00f3n al Curso sobre Apoyo Vital Card\u00edaco Avanzado para el equipo de salud organizado por el Colegio de M\u00e9dicos de Santa Fe. Dirigido al personal de emergencia, de cuidado intensivo, m\u00e9dicos, enfermeros, t\u00e9cnicos en emergencias y otros profesionales involucrados en la emergencia cardiovascular. M\u00f3dulo te\u00f3ricos online y parte pr\u00e1ctica presencial. Arancelado. [&hellip;]<\/p>\n","protected":false},"author":1,"featured_media":3842,"comment_status":"open","ping_status":"open","sticky":true,"template":"","format":"standard","meta":{"_uag_custom_page_level_css":"","_jetpack_memberships_contains_paid_content":false,"footnotes":""},"categories":[30],"tags":[],"class_list":["post-3843","post","type-post","status-publish","format-standard","has-post-thumbnail","hentry","category-cursos"],"jetpack_sharing_enabled":true,"jetpack_featured_media_url":"https:\/\/colmedicosantafe1.org.ar\/wp-content\/uploads\/2023\/07\/Apoyo-cardiaco-Vital-.jpg","uagb_featured_image_src":{"full":["https:\/\/colmedicosantafe1.org.ar\/wp-content\/uploads\/2023\/07\/Apoyo-cardiaco-Vital-.jpg",261,209,false],"thumbnail":["https:\/\/colmedicosantafe1.org.ar\/wp-content\/uploads\/2023\/07\/Apoyo-cardiaco-Vital--150x150.jpg",150,150,true],"medium":["https:\/\/colmedicosantafe1.org.ar\/wp-content\/uploads\/2023\/07\/Apoyo-cardiaco-Vital-.jpg",261,209,false],"medium_large":["https:\/\/colmedicosantafe1.org.ar\/wp-content\/uploads\/2023\/07\/Apoyo-cardiaco-Vital-.jpg",261,209,false],"large":["https:\/\/colmedicosantafe1.org.ar\/wp-content\/uploads\/2023\/07\/Apoyo-cardiaco-Vital-.jpg",261,209,false],"1536x1536":["https:\/\/colmedicosantafe1.org.ar\/wp-content\/uploads\/2023\/07\/Apoyo-cardiaco-Vital-.jpg",261,209,false],"2048x2048":["https:\/\/colmedicosantafe1.org.ar\/wp-content\/uploads\/2023\/07\/Apoyo-cardiaco-Vital-.jpg",261,209,false]},"uagb_author_info":{"display_name":"admin","author_link":"https:\/\/colmedicosantafe1.org.ar\/?author=1"},"uagb_comment_info":0,"uagb_excerpt":"Se encuentra abierta la inscripci\u00f3n al Curso sobre Apoyo Vital Card\u00edaco Avanzado para el equipo de salud organizado por el Colegio de M\u00e9dicos de Santa Fe. Dirigido al personal de emergencia, de cuidado intensivo, m\u00e9dicos, enfermeros, t\u00e9cnicos en emergencias y otros profesionales involucrados en la emergencia cardiovascular. M\u00f3dulo te\u00f3ricos online y parte pr\u00e1ctica presencial. Arancelado.&hellip;","_links":{"self":[{"href":"https:\/\/colmedicosantafe1.org.ar\/index.php?rest_route=\/wp\/v2\/posts\/3843","targetHints":{"allow":["GET"]}}],"collection":[{"href":"https:\/\/colmedicosantafe1.org.ar\/index.php?rest_route=\/wp\/v2\/posts"}],"about":[{"href":"https:\/\/colmedicosantafe1.org.ar\/index.php?rest_route=\/wp\/v2\/types\/post"}],"author":[{"embeddable":true,"href":"https:\/\/colmedicosantafe1.org.ar\/index.php?rest_route=\/wp\/v2\/users\/1"}],"replies":[{"embeddable":true,"href":"https:\/\/colmedicosantafe1.org.ar\/index.php?rest_route=%2Fwp%2Fv2%2Fcomments&post=3843"}],"version-history":[{"count":0,"href":"https:\/\/colmedicosantafe1.org.ar\/index.php?rest_route=\/wp\/v2\/posts\/3843\/revisions"}],"wp:featuredmedia":[{"embeddable":true,"href":"https:\/\/colmedicosantafe1.org.ar\/index.php?rest_route=\/wp\/v2\/media\/3842"}],"wp:attachment":[{"href":"https:\/\/colmedicosantafe1.org.ar\/index.php?rest_route=%2Fwp%2Fv2%2Fmedia&parent=3843"}],"wp:term":[{"taxonomy":"category","embeddable":true,"href":"https:\/\/colmedicosantafe1.org.ar\/index.php?rest_route=%2Fwp%2Fv2%2Fcategories&post=3843"},{"taxonomy":"post_tag","embeddable":true,"href":"https:\/\/colmedicosantafe1.org.ar\/index.php?rest_route=%2Fwp%2Fv2%2Ftags&post=3843"}],"curies":[{"name":"wp","href":"https:\/\/api.w.org\/{rel}","templated":true}]}}