{"id":3840,"date":"2023-07-26T00:45:34","date_gmt":"2023-07-26T03:45:34","guid":{"rendered":"https:\/\/cmsf.org.ar\/sitio\/?p=3840"},"modified":"2023-07-26T00:45:34","modified_gmt":"2023-07-26T03:45:34","slug":"curso-de-semiologia-del-sistema-nervioso-y-grandes-sindromes-2-de-agosto","status":"publish","type":"post","link":"https:\/\/colmedicosantafe1.org.ar\/?p=3840","title":{"rendered":"Curso de semiolog\u00eda del sistema nervioso y grandes s\u00edndromes &#8211; 2 de agosto"},"content":{"rendered":"<p><img decoding=\"async\" class=\"pull-left size-full wp-image-3839\" style=\"margin: 5px;\" src=\"https:\/\/colmedicosantafe1.org.ar\/wp-content\/uploads\/2023\/07\/Sistema-Nervioso-Central.jpg\" width=\"200\" srcset=\"https:\/\/colmedicosantafe1.org.ar\/wp-content\/uploads\/2023\/07\/Sistema-Nervioso-Central.jpg 1980w, https:\/\/colmedicosantafe1.org.ar\/wp-content\/uploads\/2023\/07\/Sistema-Nervioso-Central-300x233.jpg 300w, https:\/\/colmedicosantafe1.org.ar\/wp-content\/uploads\/2023\/07\/Sistema-Nervioso-Central-1024x795.jpg 1024w, https:\/\/colmedicosantafe1.org.ar\/wp-content\/uploads\/2023\/07\/Sistema-Nervioso-Central-768x596.jpg 768w, https:\/\/colmedicosantafe1.org.ar\/wp-content\/uploads\/2023\/07\/Sistema-Nervioso-Central-1536x1192.jpg 1536w\" sizes=\"(max-width: 1980px) 100vw, 1980px\" \/>Se encuentra abierta la inscripci\u00f3n al Curso de semiolog\u00eda del sistema nervioso y grandes s\u00edndromes organizado por el Servicio de Neurolog\u00eda Hospital Jos\u00e9 Mar\u00eda Cullen y el apoyo del Colegio de M\u00e9dicos de Santa Fe. Consta de siete clases presenciales que se dictaran durante los meses de agosto y septiembre. Arancelado. <a href=\"https:\/\/forms.gle\/NcqtbYDdUMEmADrv5\" target=\"_blank\" rel=\"noopener noreferrer\">Formulario de inscripci\u00f3n<\/a>.<\/p>\n<p><!--more--><\/p>\n<p>El mi\u00e9rcoles 2 de agosto, a las 18 horas, comenzar\u00e1 el Curso de semiolog\u00eda del sistema nervioso y grandes s\u00edndromes organizado por el Servicio de Neurolog\u00eda Hospital Jos\u00e9 Mar\u00eda Cullen y el apoyo del Colegio de M\u00e9dicos de Santa Fe.<\/p>\n<p>La propuesta est\u00e1 orientada a estudiantes de medicina; m\u00e9dicos cl\u00ednicos y neur\u00f3logos en formaci\u00f3n; neurocirujanos, psiquiatras, psic\u00f3logos y profesionales afines.<\/p>\n<p>La estructura curricular consta de siete charlas que se dictar\u00e1n los d\u00edas mi\u00e9rcoles de 18 a 20 horas durante los meses de agosto y septiembre del corriente a\u00f1o.<\/p>\n<p>Este curso es coordinado por el Jefe de Servicio de Neurolog\u00eda Hospital Jos\u00e9 Mar\u00eda Cullen, Dr. Mart\u00ednez Carlos y la Instructora de Residentes Dra. Vanesa Antonella Vera.<\/p>\n<p><strong>Programa<\/strong><\/p>\n<ul>\n<li>02\/08\/2023 &#8211; Examen f\u00edsico neurol\u00f3gico \u2013 A cargo del Dr. Juan Candiotti.<\/li>\n<li>09\/08\/2023 &#8211; Mareos, v\u00e9rtigo y trastornos del equilibrio \u2013 A cargo de la Dra. Milagros Gait\u00e1n.<\/li>\n<li>16\/08\/2023 &#8211; Convulsiones \u2013 A cargo de la Mar\u00eda Emilia Ottero.<\/li>\n<li>23\/08\/2023 &#8211; S\u00edndromes demenciales \u2013 A cargo de la Dra. Mayra Noguera.<\/li>\n<li>30\/08\/2023 &#8211; S\u00edndrome piramidal \u2013 A cargo de la Dr. Ignacio Giombi.<\/li>\n<li>06\/9\/2023 &#8211; S\u00edndrome extrapiramidal \u2013 A cargo del Dr. Jes\u00fas Maldonado.<\/li>\n<li>13\/9\/2023 &#8211; S\u00edndrome meningoencefal\u00edtico \u2013 A cargo de la Dra. Florencia Pereyra Ilardo Florencia y la Dra. Agustina Ara Alves Pinheiro.<\/li>\n<\/ul>\n<p>Lugar: Colegio de M\u00e9dicos de Santa Fe. 9 de Julio 2464.<\/p>\n<p>Cupos de 100 inscriptos confirmados.<\/p>\n<p>\u00a0<\/p>\n<p><strong>Informaci\u00f3n<\/strong><\/p>\n<p>Colegio M\u00e9dico de Santa Fe 1ra. Circunscripci\u00f3n:<\/p>\n<p>9 de Julio 2464 (3000 &#8211; Santa Fe)<\/p>\n<p>Tel\u00e9fono (0342) 4520176 interno 7<\/p>\n<p>Correo: marianam@cmsf.org.ar<\/p>\n<p>\u00a0<\/p>\n","protected":false},"excerpt":{"rendered":"<p>Se encuentra abierta la inscripci\u00f3n al Curso de semiolog\u00eda del sistema nervioso y grandes s\u00edndromes organizado por el Servicio de Neurolog\u00eda Hospital Jos\u00e9 Mar\u00eda Cullen y el apoyo del Colegio de M\u00e9dicos de Santa Fe. Consta de siete clases presenciales que se dictaran durante los meses de agosto y septiembre. Arancelado. Formulario de inscripci\u00f3n.<\/p>\n","protected":false},"author":1,"featured_media":3839,"comment_status":"open","ping_status":"open","sticky":true,"template":"","format":"standard","meta":{"_uag_custom_page_level_css":"","_jetpack_memberships_contains_paid_content":false,"footnotes":""},"categories":[30],"tags":[],"class_list":["post-3840","post","type-post","status-publish","format-standard","has-post-thumbnail","hentry","category-cursos"],"jetpack_sharing_enabled":true,"jetpack_featured_media_url":"https:\/\/colmedicosantafe1.org.ar\/wp-content\/uploads\/2023\/07\/Sistema-Nervioso-Central.jpg","uagb_featured_image_src":{"full":["https:\/\/colmedicosantafe1.org.ar\/wp-content\/uploads\/2023\/07\/Sistema-Nervioso-Central.jpg",1980,1537,false],"thumbnail":["https:\/\/colmedicosantafe1.org.ar\/wp-content\/uploads\/2023\/07\/Sistema-Nervioso-Central-150x150.jpg",150,150,true],"medium":["https:\/\/colmedicosantafe1.org.ar\/wp-content\/uploads\/2023\/07\/Sistema-Nervioso-Central-300x233.jpg",300,233,true],"medium_large":["https:\/\/colmedicosantafe1.org.ar\/wp-content\/uploads\/2023\/07\/Sistema-Nervioso-Central-768x596.jpg",768,596,true],"large":["https:\/\/colmedicosantafe1.org.ar\/wp-content\/uploads\/2023\/07\/Sistema-Nervioso-Central-1024x795.jpg",1024,795,true],"1536x1536":["https:\/\/colmedicosantafe1.org.ar\/wp-content\/uploads\/2023\/07\/Sistema-Nervioso-Central-1536x1192.jpg",1536,1192,true],"2048x2048":["https:\/\/colmedicosantafe1.org.ar\/wp-content\/uploads\/2023\/07\/Sistema-Nervioso-Central.jpg",1980,1537,false]},"uagb_author_info":{"display_name":"admin","author_link":"https:\/\/colmedicosantafe1.org.ar\/?author=1"},"uagb_comment_info":0,"uagb_excerpt":"Se encuentra abierta la inscripci\u00f3n al Curso de semiolog\u00eda del sistema nervioso y grandes s\u00edndromes organizado por el Servicio de Neurolog\u00eda Hospital Jos\u00e9 Mar\u00eda Cullen y el apoyo del Colegio de M\u00e9dicos de Santa Fe. Consta de siete clases presenciales que se dictaran durante los meses de agosto y septiembre. Arancelado. Formulario de inscripci\u00f3n.","_links":{"self":[{"href":"https:\/\/colmedicosantafe1.org.ar\/index.php?rest_route=\/wp\/v2\/posts\/3840","targetHints":{"allow":["GET"]}}],"collection":[{"href":"https:\/\/colmedicosantafe1.org.ar\/index.php?rest_route=\/wp\/v2\/posts"}],"about":[{"href":"https:\/\/colmedicosantafe1.org.ar\/index.php?rest_route=\/wp\/v2\/types\/post"}],"author":[{"embeddable":true,"href":"https:\/\/colmedicosantafe1.org.ar\/index.php?rest_route=\/wp\/v2\/users\/1"}],"replies":[{"embeddable":true,"href":"https:\/\/colmedicosantafe1.org.ar\/index.php?rest_route=%2Fwp%2Fv2%2Fcomments&post=3840"}],"version-history":[{"count":0,"href":"https:\/\/colmedicosantafe1.org.ar\/index.php?rest_route=\/wp\/v2\/posts\/3840\/revisions"}],"wp:featuredmedia":[{"embeddable":true,"href":"https:\/\/colmedicosantafe1.org.ar\/index.php?rest_route=\/wp\/v2\/media\/3839"}],"wp:attachment":[{"href":"https:\/\/colmedicosantafe1.org.ar\/index.php?rest_route=%2Fwp%2Fv2%2Fmedia&parent=3840"}],"wp:term":[{"taxonomy":"category","embeddable":true,"href":"https:\/\/colmedicosantafe1.org.ar\/index.php?rest_route=%2Fwp%2Fv2%2Fcategories&post=3840"},{"taxonomy":"post_tag","embeddable":true,"href":"https:\/\/colmedicosantafe1.org.ar\/index.php?rest_route=%2Fwp%2Fv2%2Ftags&post=3840"}],"curies":[{"name":"wp","href":"https:\/\/api.w.org\/{rel}","templated":true}]}}