{"id":3836,"date":"2023-07-21T16:39:37","date_gmt":"2023-07-21T19:39:37","guid":{"rendered":"https:\/\/cmsf.org.ar\/sitio\/?p=3836"},"modified":"2023-07-21T16:39:37","modified_gmt":"2023-07-21T19:39:37","slug":"webinarios-endometriosis-y-cancer-de-ovarios-junto-con-asogisfe","status":"publish","type":"post","link":"https:\/\/colmedicosantafe1.org.ar\/?p=3836","title":{"rendered":"Webinarios \u2013 Endometriosis y C\u00e1ncer de Ovarios \u2013 Junto con ASOGISFE"},"content":{"rendered":"<p><img decoding=\"async\" class=\"pull-left size-full wp-image-3835\" style=\"margin: 5px;\" src=\"https:\/\/colmedicosantafe1.org.ar\/wp-content\/uploads\/2023\/07\/webinar.jpg\" width=\"200\" srcset=\"https:\/\/colmedicosantafe1.org.ar\/wp-content\/uploads\/2023\/07\/webinar.jpg 555w, https:\/\/colmedicosantafe1.org.ar\/wp-content\/uploads\/2023\/07\/webinar-300x173.jpg 300w\" sizes=\"(max-width: 555px) 100vw, 555px\" \/>El Colegio de M\u00e9dicos de Santa Fe y la Asociaci\u00f3n de Obstetricia y Ginecolog\u00eda de Santa Fe organizan dos encuentros webinarios. El 31 de julio se abordar\u00e1 el tema &#8220;Abordaje inicial de la paciente con endometriosis&#8221; a cargo del Dr. Javier Del Longo. En tanto, el 4 de agosto se desarrollar\u00e1 \u201cC\u00e1ncer de Ovario: lo que el ginec\u00f3logo general debe saber\u201d, a cargo de la Dra. Laura Lay. Ser\u00e1n a trav\u00e9s de la plataforma Zoom de nuestra instituci\u00f3n. Acceso libre con inscripci\u00f3n previa en la web. Formularios en la noticia.<\/p>\n<p><!--more--><\/p>\n<p>\u00a0<\/p>\n<p>\u00a0<\/p>\n<p>El Colegio de M\u00e9dicos de Santa Fe en conjunto con la Asociaci\u00f3n de Obstetricia y Ginecolog\u00eda de Santa Fe (ASOGISFE), organizan dos encuentros webinarios destinados a los profesionales de la salud de la regi\u00f3n.<\/p>\n<p><strong>31 de julio &#8211; Endometriosis<\/strong><\/p>\n<p>El primero ser\u00e1 el lunes 31 de julio, a las 20 horas, y en el mismo se abordar\u00e1 el tema &#8220;Abordaje inicial de la paciente con endometriosis&#8221;. La chara estar\u00e1 a cargo del Dr. Javier Del Longo, con la coordinaci\u00f3n de la Dra. Ludmila Rivera, m\u00e9dica tocoginec\u00f3loga, miembro de la comisi\u00f3n directiva de ASOGISFE.<\/p>\n<p><strong>Sobre el disertante.<\/strong><\/p>\n<p>El Dr. Javier Del Longo es presidente de la Sociedad Argentina de Endometriosis. Ex-Presidente de la Sociedad Argentina de Cirug\u00eda Ginecol\u00f3gica. Especialista en Ginecolog\u00eda. Jefe de C\u00e1tedra de la Facultad de Ciencias de la Salud. Universidad Cat\u00f3lica de las Misiones (UCAMI), Argentina. Instructor de Cirug\u00eda Laparosc\u00f3pica del Centro de Entrenamiento e Investigaci\u00f3n en Cirug\u00eda Laparosc\u00f3pica y Mini-Invasiva. Facultad de Medicina. Universidad Nacional del Nordeste. Corrientes, (desde 2001). Director Asociado de los cursos Hands on de Histeroscop\u00eda. Centro de Entrenamiento e Investigaci\u00f3n en Cirug\u00eda Laparosc\u00f3pica y Mini-Invasiva. Facultad de Medicina. Universidad Nacional del Nordeste. Corrientes. Director del Curso Internacional de Cirug\u00eda Vaginal. Medico Ginec\u00f3logo del Sanatorio Boratti, Posadas. Misiones.<\/p>\n<p>\u00a0<\/p>\n<p><a href=\"https:\/\/www.eventbrite.com.ar\/e\/paciente-con-endometriosis-abordaje-inicial-tickets-680840220427?aff=affiliate1&amp;fbclid=PAAaY1SnX8nJo-rabyh7GHxV4Cl_PeQ8ZOrvCGmU20hQ03iy5h7Pp4vQEEqcc_aem_ATZigAX8Vj--jfIbI0eMUSY5NlBRtrjsPpfzMooPuQNi21KpGdg9Id3PshAD7uPkB2k\">Formulario de Inscripci\u00f3n<\/a><\/p>\n<p>\u00a0<\/p>\n<p><strong>4 de agosto \u2013 C\u00e1ncer de Ovarios<\/strong><\/p>\n<p>En tanto, el viernes 4 de agosto, a las 19 horas,\u00a0 se desarrollar\u00e1 el webinario sobre \u201cC\u00e1ncer de Ovario: lo que el ginec\u00f3logo general debe saber\u201d, a cargo de la Dra. Laura Lay.<\/p>\n<p><strong>Sobre el disertante<\/strong><\/p>\n<p>La Dra. Laura Lay, Laura es m\u00e9dica oncoginec\u00f3loga y mast\u00f3loga. M\u00e9dica de Planta del Instituto de Oncolog\u00eda A. Roffo. Universidad de Buenos Aires.<\/p>\n<p>El certificado de asistencia tiene un costo de $ 1.500 y se deber\u00e1 solicitar a ASOGISFE.<\/p>\n<p>\u00a0<\/p>\n<p><a href=\"https:\/\/www.eventbrite.com.ar\/e\/cancer-de-ovario-lo-que-el-ginecologo-general-debe-saber-tickets-688915784657\">Formulario de Inscripci\u00f3n<\/a><\/p>\n<p>\u00a0<\/p>\n<p><strong>Informaci\u00f3n<\/strong><\/p>\n<p>Colegio M\u00e9dico de Santa Fe 1ra. Circunscripci\u00f3n:<\/p>\n<p>9 de Julio 2464 (3000 &#8211; Santa Fe)<\/p>\n<p>Tel\u00e9fono (0342) 4520176 interno 7<\/p>\n<p>Correo: <a href=\"mailto:marianam@cmsf.org.ar\">marianam@cmsf.org.ar<\/a><\/p>\n<p>\u00a0<\/p>\n","protected":false},"excerpt":{"rendered":"<p>El Colegio de M\u00e9dicos de Santa Fe y la Asociaci\u00f3n de Obstetricia y Ginecolog\u00eda de Santa Fe organizan dos encuentros webinarios. El 31 de julio se abordar\u00e1 el tema &#8220;Abordaje inicial de la paciente con endometriosis&#8221; a cargo del Dr. Javier Del Longo. En tanto, el 4 de agosto se desarrollar\u00e1 \u201cC\u00e1ncer de Ovario: lo [&hellip;]<\/p>\n","protected":false},"author":1,"featured_media":3835,"comment_status":"open","ping_status":"open","sticky":true,"template":"","format":"standard","meta":{"_uag_custom_page_level_css":"","_jetpack_memberships_contains_paid_content":false,"footnotes":""},"categories":[30],"tags":[],"class_list":["post-3836","post","type-post","status-publish","format-standard","has-post-thumbnail","hentry","category-cursos"],"jetpack_sharing_enabled":true,"jetpack_featured_media_url":"https:\/\/colmedicosantafe1.org.ar\/wp-content\/uploads\/2023\/07\/webinar.jpg","uagb_featured_image_src":{"full":["https:\/\/colmedicosantafe1.org.ar\/wp-content\/uploads\/2023\/07\/webinar.jpg",555,320,false],"thumbnail":["https:\/\/colmedicosantafe1.org.ar\/wp-content\/uploads\/2023\/07\/webinar-150x150.jpg",150,150,true],"medium":["https:\/\/colmedicosantafe1.org.ar\/wp-content\/uploads\/2023\/07\/webinar-300x173.jpg",300,173,true],"medium_large":["https:\/\/colmedicosantafe1.org.ar\/wp-content\/uploads\/2023\/07\/webinar.jpg",555,320,false],"large":["https:\/\/colmedicosantafe1.org.ar\/wp-content\/uploads\/2023\/07\/webinar.jpg",555,320,false],"1536x1536":["https:\/\/colmedicosantafe1.org.ar\/wp-content\/uploads\/2023\/07\/webinar.jpg",555,320,false],"2048x2048":["https:\/\/colmedicosantafe1.org.ar\/wp-content\/uploads\/2023\/07\/webinar.jpg",555,320,false]},"uagb_author_info":{"display_name":"admin","author_link":"https:\/\/colmedicosantafe1.org.ar\/?author=1"},"uagb_comment_info":0,"uagb_excerpt":"El Colegio de M\u00e9dicos de Santa Fe y la Asociaci\u00f3n de Obstetricia y Ginecolog\u00eda de Santa Fe organizan dos encuentros webinarios. El 31 de julio se abordar\u00e1 el tema &#8220;Abordaje inicial de la paciente con endometriosis&#8221; a cargo del Dr. Javier Del Longo. En tanto, el 4 de agosto se desarrollar\u00e1 \u201cC\u00e1ncer de Ovario: lo&hellip;","_links":{"self":[{"href":"https:\/\/colmedicosantafe1.org.ar\/index.php?rest_route=\/wp\/v2\/posts\/3836","targetHints":{"allow":["GET"]}}],"collection":[{"href":"https:\/\/colmedicosantafe1.org.ar\/index.php?rest_route=\/wp\/v2\/posts"}],"about":[{"href":"https:\/\/colmedicosantafe1.org.ar\/index.php?rest_route=\/wp\/v2\/types\/post"}],"author":[{"embeddable":true,"href":"https:\/\/colmedicosantafe1.org.ar\/index.php?rest_route=\/wp\/v2\/users\/1"}],"replies":[{"embeddable":true,"href":"https:\/\/colmedicosantafe1.org.ar\/index.php?rest_route=%2Fwp%2Fv2%2Fcomments&post=3836"}],"version-history":[{"count":0,"href":"https:\/\/colmedicosantafe1.org.ar\/index.php?rest_route=\/wp\/v2\/posts\/3836\/revisions"}],"wp:featuredmedia":[{"embeddable":true,"href":"https:\/\/colmedicosantafe1.org.ar\/index.php?rest_route=\/wp\/v2\/media\/3835"}],"wp:attachment":[{"href":"https:\/\/colmedicosantafe1.org.ar\/index.php?rest_route=%2Fwp%2Fv2%2Fmedia&parent=3836"}],"wp:term":[{"taxonomy":"category","embeddable":true,"href":"https:\/\/colmedicosantafe1.org.ar\/index.php?rest_route=%2Fwp%2Fv2%2Fcategories&post=3836"},{"taxonomy":"post_tag","embeddable":true,"href":"https:\/\/colmedicosantafe1.org.ar\/index.php?rest_route=%2Fwp%2Fv2%2Ftags&post=3836"}],"curies":[{"name":"wp","href":"https:\/\/api.w.org\/{rel}","templated":true}]}}