{"id":3832,"date":"2013-08-26T17:45:52","date_gmt":"2013-08-26T20:45:52","guid":{"rendered":"https:\/\/cmsf.org.ar\/sitio\/?p=3832"},"modified":"2025-02-20T12:18:56","modified_gmt":"2025-02-20T15:18:56","slug":"habilitaciones-y-control-2","status":"publish","type":"post","link":"https:\/\/colmedicosantafe1.org.ar\/?p=3832","title":{"rendered":"Fiscalizaci\u00f3n"},"content":{"rendered":"<h2 style=\"line-height: 18px;\"><strong>Departamento de Fiscalizaci\u00f3n<\/strong><\/h2>\n<h4 style=\"line-height: 18px;\"><strong>NOSOTROS<\/strong><\/h4>\n<table style=\"height: 234px;\" width=\"716\">\n<tbody>\n<tr style=\"height: 101.967px;\">\n<td style=\"height: 101.967px; width: 153.967px;\" valign=\"top\">\n<p><strong>-Administraci\u00f3n:<\/strong><\/p>\n<ul>\n<li><span style=\"font-size: 10pt;\">Anl. Adm. Mariela Massimiani<\/span><\/li>\n<\/ul>\n<\/td>\n<td style=\"height: 101.967px; width: 310.917px;\" valign=\"top\">\n<p style=\"line-height: 18px;\"><strong>-Auditor\u00eda M\u00e9dica:<\/strong><\/p>\n<ul>\n<li style=\"line-height: 18px;\">Dra. Ruth Arag\u00f3n &#8211; <strong><em>Jefa de Departamento.<\/em><\/strong><\/li>\n<li style=\"line-height: 18px;\">Dr. Aldo Ren\u00e9 Soli<\/li>\n<li style=\"line-height: 18px;\">Dr. Rub\u00e9n Adrover.<\/li>\n<\/ul>\n<\/td>\n<td style=\"height: 101.967px; width: 230.983px;\" valign=\"top\">\n<p><strong>-Auditor\u00eda T\u00e9cnica:<\/strong><\/p>\n<ul>\n<li>Arq. Fabiana Baz\u00e1n<\/li>\n<li>Arq. Antonela Pina<\/li>\n<li>Lic. M\u00f3nica Framolari &#8211; <strong><em>Inspectora<\/em><\/strong><\/li>\n<\/ul>\n<\/td>\n<\/tr>\n<tr style=\"height: 105px;\">\n<td style=\"height: 105px; width: 706.933px;\" colspan=\"3\" valign=\"top\">\n<p><strong>CONTACTO:<\/strong><\/p>\n<ul>\n<li>Mail: <a href=\"mailto:fiscalizacion@cmsf.org.ar\">fiscalizacion@cmsf.org.ar<\/a><\/li>\n<li>Tel\u00e9fono: 4520176 \/ 4520177 \/ 4520182 &#8212; Internos: 208 \/ 211 \/ 223 \/ 227<\/li>\n<\/ul>\n<\/td>\n<\/tr>\n<\/tbody>\n<\/table>\n<hr \/>\n<p><a href=\"https:\/\/colmedicosantafe1.org.ar\/wp-content\/uploads\/2013\/08\/Decreto-6030-Ministerio-de-Salud.pdf\" target=\"_blank\" rel=\"noopener noreferrer\"><img decoding=\"async\" class=\"cke-resize cke-resize\" src=\"https:\/\/colmedicosantafe1.org.ar\/wp-content\/uploads\/2013\/08\/PDF-Icon.png\" alt=\"\" \/><\/a><a href=\"https:\/\/colmedicosantafe1.org.ar\/wp-content\/uploads\/2013\/08\/Decreto-6030-Ministerio-de-Salud.pdf\" target=\"_blank\" rel=\"noopener noreferrer\">Decreto 6030 &#8211; Ministerio de Salud &#8211; TEXTO ACTUALIZADO DE LA REGLAMENTACI\u00d3N VIGENTE DE LA LEY 9847<\/a><\/p>\n<hr \/>\n<hr \/>\n<p><strong>Mediante el Acta N\u00b0 3045 del 28-10-2022, La Mesa Directiva del Colegio de M\u00e9dicos de la Pcia. de Santa Fe &#8211; 1era Circunscripci\u00f3n resuelve:<br \/><\/strong><\/p>\n<p><strong>Al momento de la presentaci\u00f3n de la documental para cualquier tipo de tr\u00e1mite en el Departamento de Fiscalizaci\u00f3n. se deber\u00e1 contar con la totalidad de los requisitos solicitados, de acuerdo a lo establecido por la reglamentaci\u00f3n vigente, caso contrario no se recepcionar\u00e1.<\/strong><\/p>\n<hr \/>\n<hr \/>\n<h4><strong>NORMAS VIGENTES<\/strong><\/h4>\n<p>{slider FORMULARIO DAM 2 (Inicio de Tr\u00e1mite Obligatorio)}<\/p>\n<ul>\n<li><a href=\"https:\/\/colmedicosantafe1.org.ar\/wp-content\/uploads\/2013\/08\/1._DAM2_Formulario_sin_doble_firma_al_final.pdf\" target=\"_blank\" rel=\"noopener noreferrer\"><img loading=\"lazy\" decoding=\"async\" class=\"cke-resize cke-resize\" src=\"https:\/\/colmedicosantafe1.org.ar\/wp-content\/uploads\/2013\/08\/PDF-Icon.png\" alt=\"\" width=\"20\" height=\"20\" \/><\/a><a href=\"https:\/\/colmedicosantafe1.org.ar\/wp-content\/uploads\/2013\/08\/1._DAM2_Formulario_sin_doble_firma_al_final.pdf\" target=\"_blank\" rel=\"noopener noreferrer\">INICIO DE TR\u00c1MITE OBLIGATORIO &#8211; SIN DOBLE FIRMA<\/a>\u00a0\u00a0<\/li>\n<li><a href=\"https:\/\/colmedicosantafe1.org.ar\/wp-content\/uploads\/2013\/08\/1._DAM2_Formulario_doble_firma_al_final.pdf\" target=\"_blank\" rel=\"noopener noreferrer\"><img loading=\"lazy\" decoding=\"async\" class=\"cke-resize cke-resize\" src=\"https:\/\/colmedicosantafe1.org.ar\/wp-content\/uploads\/2013\/08\/PDF-Icon.png\" alt=\"\" width=\"20\" height=\"20\" \/><\/a><a href=\"https:\/\/colmedicosantafe1.org.ar\/wp-content\/uploads\/2013\/08\/1._DAM2_Formulario_doble_firma_al_final.pdf\" target=\"_blank\" rel=\"noopener noreferrer\">NICIO DE TR\u00c1MITE OBLIGATORIO &#8211; CON DOBLE FIRMA<\/a><\/li>\n<\/ul>\n<p>{slider CAMBIO DE TITULARIDAD}<\/p>\n<p><a href=\"https:\/\/colmedicosantafe1.org.ar\/wp-content\/uploads\/2013\/08\/CAMBIO_DE_TITULARIDAD.pdf\" target=\"_blank\" rel=\"noopener noreferrer\"><img decoding=\"async\" class=\"cke-resize cke-resize\" src=\"https:\/\/colmedicosantafe1.org.ar\/wp-content\/uploads\/2013\/08\/PDF-Icon.png\" alt=\"\" \/><\/a><\/p>\n<p>{slider INCORPORACI\u00d3N DE PROFESIONAL}<\/p>\n<p>\u00a0<a href=\"https:\/\/colmedicosantafe1.org.ar\/wp-content\/uploads\/2013\/08\/INCORPORACION_PROFESIONAL.pdf\" target=\"_blank\" rel=\"noopener noreferrer\"><img decoding=\"async\" class=\"cke-resize cke-resize\" src=\"https:\/\/colmedicosantafe1.org.ar\/wp-content\/uploads\/2013\/08\/PDF-Icon.png\" alt=\"\" \/><\/a><\/p>\n<p>\u00a0{\/sliders}<\/p>\n<hr \/>\n<p>{slider AMBULANCIAS Y ATENCI\u00d3N MEDICA DOMICILIARIA}<\/p>\n<ul>\n<li><a href=\"https:\/\/colmedicosantafe1.org.ar\/wp-content\/uploads\/2013\/08\/7._SERVICIO_DE_ATENCION_MEDICA_DOMICILIARIA.pdf\" target=\"_blank\" rel=\"noopener noreferrer\"><img loading=\"lazy\" decoding=\"async\" class=\"cke-resize cke-resize\" src=\"https:\/\/colmedicosantafe1.org.ar\/wp-content\/uploads\/2013\/08\/PDF-Icon.png\" alt=\"\" width=\"20\" height=\"20\" \/><\/a><a href=\"https:\/\/colmedicosantafe1.org.ar\/wp-content\/uploads\/2013\/08\/7._SERVICIO_DE_ATENCION_MEDICA_DOMICILIARIA.pdf\" target=\"_blank\" rel=\"noopener noreferrer\">SERVICIO DE ATENCI\u00d3N M\u00c9DICA DOMICILIARIA<\/a><\/li>\n<li><a href=\"https:\/\/colmedicosantafe1.org.ar\/wp-content\/uploads\/2013\/08\/6._SERVICIO_EMERGENCIAS.pdf\" target=\"_blank\" rel=\"noopener noreferrer\"><img loading=\"lazy\" decoding=\"async\" class=\"cke-resize cke-resize\" src=\"https:\/\/colmedicosantafe1.org.ar\/wp-content\/uploads\/2013\/08\/PDF-Icon.png\" alt=\"\" width=\"20\" height=\"20\" \/><\/a><a href=\"https:\/\/colmedicosantafe1.org.ar\/wp-content\/uploads\/2013\/08\/6._SERVICIO_EMERGENCIAS.pdf\" target=\"_blank\" rel=\"noopener noreferrer\">SERVICIO DE EMERGENCIA<\/a><\/li>\n<li><a href=\"https:\/\/colmedicosantafe1.org.ar\/wp-content\/uploads\/2013\/08\/5._SERVICIO_DE_TRASLADO_URBANO_E_INTERURBANO.pdf\" target=\"_blank\" rel=\"noopener noreferrer\"><img loading=\"lazy\" decoding=\"async\" class=\"cke-resize cke-resize\" src=\"https:\/\/colmedicosantafe1.org.ar\/wp-content\/uploads\/2013\/08\/PDF-Icon.png\" alt=\"\" width=\"20\" height=\"20\" \/><\/a><a href=\"https:\/\/colmedicosantafe1.org.ar\/wp-content\/uploads\/2013\/08\/5._SERVICIO_DE_TRASLADO_URBANO_E_INTERURBANO.pdf\" target=\"_blank\" rel=\"noopener noreferrer\">SERVICIO DE TRASLADO URBANO E INTERURBANO DE PACIENTES<\/a><\/li>\n<\/ul>\n<p>{\/sliders}<\/p>\n<hr \/>\n<p>{slider BANCO DE SANGRE}<\/p>\n<p><a href=\"https:\/\/colmedicosantafe1.org.ar\/wp-content\/uploads\/2013\/08\/15._BANCO_DE_SANGRE_LEY_22.990.pdf\" target=\"_blank\" rel=\"noopener noreferrer\"><img decoding=\"async\" class=\"cke-resize cke-resize\" src=\"https:\/\/colmedicosantafe1.org.ar\/wp-content\/uploads\/2013\/08\/PDF-Icon.png\" alt=\"\" \/><\/a><\/p>\n<p>{slider C\u00c1MARA HIPERB\u00c1RICA}<\/p>\n<p><a href=\"https:\/\/colmedicosantafe1.org.ar\/wp-content\/uploads\/2013\/08\/camara_hiperbarica.pdf\" target=\"_blank\" rel=\"noopener noreferrer\"><img decoding=\"async\" class=\"cke-resize cke-resize\" src=\"https:\/\/colmedicosantafe1.org.ar\/wp-content\/uploads\/2013\/08\/PDF-Icon.png\" alt=\"\" \/><\/a><\/p>\n<p>{slider CENTRO DE CIRUG\u00cdA AMBULATORIA}<\/p>\n<p><a href=\"https:\/\/colmedicosantafe1.org.ar\/wp-content\/uploads\/2013\/08\/RESOL_1534_Dic.2007_CENTROS_o_SERV_DE_CIRUGIA_AMBULATORIA-FINAL_DOCUMENTACION.pdf\" target=\"_blank\" rel=\"noopener noreferrer\"><img decoding=\"async\" class=\"cke-resize cke-resize\" src=\"https:\/\/colmedicosantafe1.org.ar\/wp-content\/uploads\/2013\/08\/PDF-Icon.png\" alt=\"\" \/><\/a><\/p>\n<p>{slider CENTRO DE D\u00cdA DE SALUD MENTAL}<\/p>\n<p><a href=\"https:\/\/colmedicosantafe1.org.ar\/wp-content\/uploads\/2013\/08\/13._CENTRO_DE_DIA_DE_SALUD_MENTAL.pdf\" target=\"_blank\" rel=\"noopener noreferrer\"><img decoding=\"async\" class=\"cke-resize cke-resize\" src=\"https:\/\/colmedicosantafe1.org.ar\/wp-content\/uploads\/2013\/08\/PDF-Icon.png\" alt=\"\" \/><\/a><\/p>\n<p>{slider CENTRO DE D\u00cdA PARA LA TERCERA EDAD}<\/p>\n<p><a href=\"https:\/\/colmedicosantafe1.org.ar\/wp-content\/uploads\/2013\/08\/12._CENTRO_DE_DIA_PARA_LA_TERCERA_EDAD.pdf\" target=\"_blank\" rel=\"noopener noreferrer\"><img decoding=\"async\" class=\"cke-resize cke-resize\" src=\"https:\/\/colmedicosantafe1.org.ar\/wp-content\/uploads\/2013\/08\/PDF-Icon.png\" alt=\"\" \/><\/a><\/p>\n<p>{slider CENTRO DE D\u00cd\u00c1LISIS}<\/p>\n<p><a href=\"https:\/\/colmedicosantafe1.org.ar\/wp-content\/uploads\/2013\/08\/10._CENTRO_DE_DIALISIS.pdf\" target=\"_blank\" rel=\"noopener noreferrer\"><img decoding=\"async\" class=\"cke-resize cke-resize\" src=\"https:\/\/colmedicosantafe1.org.ar\/wp-content\/uploads\/2013\/08\/PDF-Icon.png\" alt=\"\" \/><\/a><\/p>\n<p>\u00a0{slider CENTRO M\u00c9DICO}<\/p>\n<p><a href=\"https:\/\/colmedicosantafe1.org.ar\/wp-content\/uploads\/2013\/08\/3._CENTROS.pdf\" target=\"_blank\" rel=\"noopener noreferrer\"><img decoding=\"async\" class=\"cke-resize cke-resize\" src=\"https:\/\/colmedicosantafe1.org.ar\/wp-content\/uploads\/2013\/08\/PDF-Icon.png\" alt=\"\" \/><\/a><\/p>\n<p>\u00a0{slider CENTRO DE QUIMIOTER\u00c1PIA}<\/p>\n<p><a href=\"https:\/\/colmedicosantafe1.org.ar\/wp-content\/uploads\/2013\/08\/11._CENTROS_O_SERVICIOS_DE_QUIMIOTERAPIA.pdf\" target=\"_blank\" rel=\"noopener noreferrer\"><img decoding=\"async\" class=\"cke-resize cke-resize\" src=\"https:\/\/colmedicosantafe1.org.ar\/wp-content\/uploads\/2013\/08\/PDF-Icon.png\" alt=\"\" \/><\/a><\/p>\n<p>\u00a0{slider CENTRO DE REHABILITACI\u00d3N &#8211; PERSONAS DROGADEPENDIENTES O ADICCIONES}<\/p>\n<p><a href=\"https:\/\/colmedicosantafe1.org.ar\/wp-content\/uploads\/2013\/08\/14._CENTRO_DE_DROGADEPENDENCIA.pdf\" target=\"_blank\" rel=\"noopener noreferrer\"><img decoding=\"async\" class=\"cke-resize cke-resize\" src=\"https:\/\/colmedicosantafe1.org.ar\/wp-content\/uploads\/2013\/08\/PDF-Icon.png\" alt=\"\" \/><\/a><\/p>\n<p>\u00a0{slider CONSULTORIO M\u00c9DICO}<\/p>\n<p><a href=\"https:\/\/colmedicosantafe1.org.ar\/wp-content\/uploads\/2013\/08\/2._CONSULTORIOS.pdf\" target=\"_blank\" rel=\"noopener noreferrer\"><img decoding=\"async\" class=\"cke-resize cke-resize\" src=\"https:\/\/colmedicosantafe1.org.ar\/wp-content\/uploads\/2013\/08\/PDF-Icon.png\" alt=\"\" \/><\/a><\/p>\n<p>\u00a0{slider CONSULTORIO M\u00c9DICO DEDICADO A LA EST\u00c9TICA}<\/p>\n<p><a href=\"https:\/\/colmedicosantafe1.org.ar\/wp-content\/uploads\/2013\/08\/CONSULTORIOS-MEDICINA-ESTETICA.pdf\" target=\"_blank\" rel=\"noopener noreferrer\"><img decoding=\"async\" class=\"cke-resize cke-resize\" src=\"https:\/\/colmedicosantafe1.org.ar\/wp-content\/uploads\/2013\/08\/PDF-Icon.png\" alt=\"\" \/><\/a><\/p>\n<p>\u00a0{slider INSTITUTO}<\/p>\n<p>\u00a0<a href=\"https:\/\/colmedicosantafe1.org.ar\/wp-content\/uploads\/2013\/08\/4._INSTITUTO.pdf\" target=\"_blank\" rel=\"noopener noreferrer\"><img decoding=\"async\" class=\"cke-resize cke-resize\" src=\"https:\/\/colmedicosantafe1.org.ar\/wp-content\/uploads\/2013\/08\/PDF-Icon.png\" alt=\"\" \/><\/a><\/p>\n<p>\u00a0{slider LABORATORIO DE ANATOM\u00cdA PATOL\u00d3GICA}<\/p>\n<p>\u00a0<a href=\"https:\/\/colmedicosantafe1.org.ar\/wp-content\/uploads\/2013\/08\/16._LABORATORIO_ANATOMIA_PATOLOGICA.pdf\" target=\"_blank\" rel=\"noopener noreferrer\"><img decoding=\"async\" class=\"cke-resize cke-resize\" src=\"https:\/\/colmedicosantafe1.org.ar\/wp-content\/uploads\/2013\/08\/PDF-Icon.png\" alt=\"\" \/><\/a><\/p>\n<p>{slider SERVICIO DE ENDOCOSP\u00cdA DIGESTIVA}<\/p>\n<p>\u00a0<a href=\"https:\/\/colmedicosantafe1.org.ar\/wp-content\/uploads\/2013\/08\/Sala_de_Endoscopia_Resolucion.pdf\" target=\"_blank\" rel=\"noopener noreferrer\"><img decoding=\"async\" class=\"cke-resize cke-resize\" src=\"https:\/\/colmedicosantafe1.org.ar\/wp-content\/uploads\/2013\/08\/PDF-Icon.png\" alt=\"\" \/><\/a><\/p>\n<p>{slider VACUNATORIOS}<\/p>\n<ul>\n<li><a href=\"https:\/\/colmedicosantafe1.org.ar\/wp-content\/uploads\/2013\/08\/17._VACUNATORIO.pdf\" target=\"_blank\" rel=\"noopener noreferrer\"><img loading=\"lazy\" decoding=\"async\" class=\"cke-resize cke-resize\" src=\"https:\/\/colmedicosantafe1.org.ar\/wp-content\/uploads\/2013\/08\/PDF-Icon.png\" alt=\"\" width=\"20\" height=\"20\" \/><\/a><a href=\"https:\/\/colmedicosantafe1.org.ar\/wp-content\/uploads\/2013\/08\/17._VACUNATORIO.pdf\" target=\"_blank\" rel=\"noopener noreferrer\">VACUNATORIO<\/a><\/li>\n<li><a href=\"https:\/\/colmedicosantafe1.org.ar\/wp-content\/uploads\/2013\/08\/18._VACUNATORIO_MOVIL.pdf\" target=\"_blank\" rel=\"noopener noreferrer\"><img loading=\"lazy\" decoding=\"async\" class=\"cke-resize cke-resize\" src=\"https:\/\/colmedicosantafe1.org.ar\/wp-content\/uploads\/2013\/08\/PDF-Icon.png\" alt=\"\" width=\"20\" height=\"20\" \/><\/a><a href=\"https:\/\/colmedicosantafe1.org.ar\/wp-content\/uploads\/2013\/08\/18._VACUNATORIO_MOVIL.pdf\" target=\"_blank\" rel=\"noopener noreferrer\">VACUNATORIO MOVIL<\/a><\/li>\n<\/ul>\n<p>{\/sliders}<\/p>\n<hr \/>\n<p>{slider INFORMACION DE INTERES}<\/p>\n<ul>\n<li><a href=\"https:\/\/colmedicosantafe1.org.ar\/?p=2907\" target=\"_blank\" rel=\"noopener noreferrer\"><img loading=\"lazy\" decoding=\"async\" class=\"cke-resize cke-resize\" src=\"https:\/\/colmedicosantafe1.org.ar\/wp-content\/uploads\/2013\/08\/PDF-Icon.png\" alt=\"\" width=\"20\" height=\"20\" \/><\/a><a href=\"https:\/\/colmedicosantafe1.org.ar\/?p=2907\" target=\"_blank\" rel=\"noopener noreferrer\">ARANCELES VIGENTES<\/a><\/li>\n<li><a href=\"https:\/\/colmedicosantafe1.org.ar\/wp-content\/uploads\/2013\/08\/19._RESPONSABILIDAD_MEDICA.pdf\" target=\"_blank\" rel=\"noopener noreferrer\"><img loading=\"lazy\" decoding=\"async\" class=\"cke-resize cke-resize\" src=\"https:\/\/colmedicosantafe1.org.ar\/wp-content\/uploads\/2013\/08\/PDF-Icon.png\" alt=\"\" width=\"20\" height=\"20\" \/><\/a><a href=\"https:\/\/colmedicosantafe1.org.ar\/wp-content\/uploads\/2013\/08\/19._RESPONSABILIDAD_MEDICA.pdf\" target=\"_blank\" rel=\"noopener noreferrer\">RESPONSABILIDAD MEDICA<\/a><\/li>\n<li><a href=\"https:\/\/colmedicosantafe1.org.ar\/wp-content\/uploads\/2013\/08\/20._REGLAMENTO_DE_PUBLICIDAD.pdf\" target=\"_blank\" rel=\"noopener noreferrer\"><img loading=\"lazy\" decoding=\"async\" class=\"cke-resize cke-resize\" src=\"https:\/\/colmedicosantafe1.org.ar\/wp-content\/uploads\/2013\/08\/PDF-Icon.png\" alt=\"\" width=\"20\" height=\"20\" \/><\/a><a href=\"https:\/\/colmedicosantafe1.org.ar\/wp-content\/uploads\/2013\/08\/20._REGLAMENTO_DE_PUBLICIDAD.pdf\" target=\"_blank\" rel=\"noopener noreferrer\">REGLAMENTO DE PUBLICIDAD<\/a><\/li>\n<li><a href=\"https:\/\/colmedicosantafe1.org.ar\/wp-content\/uploads\/2016\/06\/Normas_HABILITACION_DE_NEGOCIOS_PERSONAS_FISICAS_Y_PERSONAS_JURIDICAS.pdf\" target=\"_blank\" rel=\"noopener noreferrer\"><img loading=\"lazy\" decoding=\"async\" class=\"cke-resize cke-resize\" src=\"https:\/\/colmedicosantafe1.org.ar\/wp-content\/uploads\/2013\/08\/PDF-Icon.png\" alt=\"\" width=\"20\" height=\"20\" \/>NORMAS HABILITACI\u00d3N DE NEGOCIOS PERSONAS FISICAS Y PERSONAS JURIDICAS<\/a><\/li>\n<li><a href=\"https:\/\/colmedicosantafe1.org.ar\/wp-content\/uploads\/2016\/06\/SOLICITUD_DE_EXENCION_AL_DERECHO_DE_REGISTRO_E_INSPECCION.pdf\" target=\"_blank\" rel=\"noopener noreferrer\"><img loading=\"lazy\" decoding=\"async\" class=\"cke-resize cke-resize\" src=\"https:\/\/colmedicosantafe1.org.ar\/wp-content\/uploads\/2013\/08\/PDF-Icon.png\" alt=\"\" width=\"20\" height=\"20\" \/><\/a><a href=\"https:\/\/colmedicosantafe1.org.ar\/wp-content\/uploads\/2016\/06\/SOLICITUD_DE_EXENCION_AL_DERECHO_DE_REGISTRO_E_INSPECCION.pdf\" target=\"_blank\" rel=\"noopener noreferrer\">SOLICITUD DE EXENCI\u00d3N AL DERECHO DE REGISTRO E INSPECCI\u00d3N<\/a><\/li>\n<li><a href=\"https:\/\/colmedicosantafe1.org.ar\/wp-content\/uploads\/2016\/06\/NORMATIVA_MUNICIPAL_Residuos_Patologicos.pdf\" target=\"_blank\" rel=\"noopener noreferrer\"><img loading=\"lazy\" decoding=\"async\" class=\"cke-resize cke-resize\" src=\"https:\/\/colmedicosantafe1.org.ar\/wp-content\/uploads\/2013\/08\/PDF-Icon.png\" alt=\"\" width=\"20\" height=\"20\" \/><\/a><a href=\"https:\/\/colmedicosantafe1.org.ar\/wp-content\/uploads\/2016\/06\/NORMATIVA_MUNICIPAL_Residuos_Patologicos.pdf\" target=\"_blank\" rel=\"noopener noreferrer\">NORMATIVA MUNICIPAL RESIDUOS PATOL\u00d3GICOS<\/a><\/li>\n<\/ul>\n<p>\u00a0<\/p>\n<p>{\/sliders}<\/p>\n","protected":false},"excerpt":{"rendered":"<p>Departamento de Fiscalizaci\u00f3n NOSOTROS -Administraci\u00f3n: Anl. Adm. Mariela Massimiani -Auditor\u00eda M\u00e9dica: Dra. Ruth Arag\u00f3n &#8211; Jefa de Departamento. Dr. Aldo Ren\u00e9 Soli Dr. Rub\u00e9n Adrover. -Auditor\u00eda T\u00e9cnica: Arq. Fabiana Baz\u00e1n Arq. Antonela Pina Lic. M\u00f3nica Framolari &#8211; Inspectora CONTACTO: Mail: fiscalizacion@cmsf.org.ar Tel\u00e9fono: 4520176 \/ 4520177 \/ 4520182 &#8212; Internos: 208 \/ 211 \/ 223 \/ [&hellip;]<\/p>\n","protected":false},"author":1,"featured_media":2734,"comment_status":"open","ping_status":"open","sticky":false,"template":"","format":"standard","meta":{"_uag_custom_page_level_css":"","_jetpack_memberships_contains_paid_content":false,"footnotes":""},"categories":[9],"tags":[],"class_list":["post-3832","post","type-post","status-publish","format-standard","has-post-thumbnail","hentry","category-institucional"],"jetpack_sharing_enabled":true,"jetpack_featured_media_url":"https:\/\/colmedicosantafe1.org.ar\/wp-content\/uploads\/2013\/08\/PDF-Icon.png","uagb_featured_image_src":{"full":["https:\/\/colmedicosantafe1.org.ar\/wp-content\/uploads\/2013\/08\/PDF-Icon.png",32,32,false],"thumbnail":["https:\/\/colmedicosantafe1.org.ar\/wp-content\/uploads\/2013\/08\/PDF-Icon.png",32,32,false],"medium":["https:\/\/colmedicosantafe1.org.ar\/wp-content\/uploads\/2013\/08\/PDF-Icon.png",32,32,false],"medium_large":["https:\/\/colmedicosantafe1.org.ar\/wp-content\/uploads\/2013\/08\/PDF-Icon.png",32,32,false],"large":["https:\/\/colmedicosantafe1.org.ar\/wp-content\/uploads\/2013\/08\/PDF-Icon.png",32,32,false],"1536x1536":["https:\/\/colmedicosantafe1.org.ar\/wp-content\/uploads\/2013\/08\/PDF-Icon.png",32,32,false],"2048x2048":["https:\/\/colmedicosantafe1.org.ar\/wp-content\/uploads\/2013\/08\/PDF-Icon.png",32,32,false]},"uagb_author_info":{"display_name":"admin","author_link":"https:\/\/colmedicosantafe1.org.ar\/?author=1"},"uagb_comment_info":0,"uagb_excerpt":"Departamento de Fiscalizaci\u00f3n NOSOTROS -Administraci\u00f3n: Anl. Adm. Mariela Massimiani -Auditor\u00eda M\u00e9dica: Dra. Ruth Arag\u00f3n &#8211; Jefa de Departamento. Dr. Aldo Ren\u00e9 Soli Dr. Rub\u00e9n Adrover. -Auditor\u00eda T\u00e9cnica: Arq. Fabiana Baz\u00e1n Arq. Antonela Pina Lic. M\u00f3nica Framolari &#8211; Inspectora CONTACTO: Mail: fiscalizacion@cmsf.org.ar Tel\u00e9fono: 4520176 \/ 4520177 \/ 4520182 &#8212; Internos: 208 \/ 211 \/ 223 \/&hellip;","_links":{"self":[{"href":"https:\/\/colmedicosantafe1.org.ar\/index.php?rest_route=\/wp\/v2\/posts\/3832","targetHints":{"allow":["GET"]}}],"collection":[{"href":"https:\/\/colmedicosantafe1.org.ar\/index.php?rest_route=\/wp\/v2\/posts"}],"about":[{"href":"https:\/\/colmedicosantafe1.org.ar\/index.php?rest_route=\/wp\/v2\/types\/post"}],"author":[{"embeddable":true,"href":"https:\/\/colmedicosantafe1.org.ar\/index.php?rest_route=\/wp\/v2\/users\/1"}],"replies":[{"embeddable":true,"href":"https:\/\/colmedicosantafe1.org.ar\/index.php?rest_route=%2Fwp%2Fv2%2Fcomments&post=3832"}],"version-history":[{"count":1,"href":"https:\/\/colmedicosantafe1.org.ar\/index.php?rest_route=\/wp\/v2\/posts\/3832\/revisions"}],"predecessor-version":[{"id":4174,"href":"https:\/\/colmedicosantafe1.org.ar\/index.php?rest_route=\/wp\/v2\/posts\/3832\/revisions\/4174"}],"wp:featuredmedia":[{"embeddable":true,"href":"https:\/\/colmedicosantafe1.org.ar\/index.php?rest_route=\/wp\/v2\/media\/2734"}],"wp:attachment":[{"href":"https:\/\/colmedicosantafe1.org.ar\/index.php?rest_route=%2Fwp%2Fv2%2Fmedia&parent=3832"}],"wp:term":[{"taxonomy":"category","embeddable":true,"href":"https:\/\/colmedicosantafe1.org.ar\/index.php?rest_route=%2Fwp%2Fv2%2Fcategories&post=3832"},{"taxonomy":"post_tag","embeddable":true,"href":"https:\/\/colmedicosantafe1.org.ar\/index.php?rest_route=%2Fwp%2Fv2%2Ftags&post=3832"}],"curies":[{"name":"wp","href":"https:\/\/api.w.org\/{rel}","templated":true}]}}