{"id":3825,"date":"2023-07-07T22:49:35","date_gmt":"2023-07-08T01:49:35","guid":{"rendered":"https:\/\/cmsf.org.ar\/sitio\/?p=3825"},"modified":"2023-07-07T22:49:35","modified_gmt":"2023-07-08T01:49:35","slug":"ciclo-de-cine-y-medicina-2023-miercoles-12-de-julio","status":"publish","type":"post","link":"https:\/\/colmedicosantafe1.org.ar\/?p=3825","title":{"rendered":"Ciclo de Cine y Medicina 2023 &#8211; Mi\u00e9rcoles 12 de julio"},"content":{"rendered":"<p><img decoding=\"async\" class=\"pull-left size-full wp-image-3824\" style=\"margin: 5px;\" src=\"https:\/\/colmedicosantafe1.org.ar\/wp-content\/uploads\/2023\/07\/El-cuaderno-de-Tomy1.jpg\" width=\"200\" \/>El pr\u00f3ximo mi\u00e9rcoles 12 de julio iniciamos el Ciclo de Cine y Medicina con la proyecci\u00f3n de la pel\u00edcula \u201cEl cuaderno de Tomy\u201d (Argentina \u2013 2020). En el momento del debate nos acompa\u00f1ar\u00e1n la Dra. Romina Ben\u00edtez, el Dr. Pablo Dusso y\u00a0 Dr. Diego Scotta Diego. El acceso es libre y gratuito para m\u00e9dicos y m\u00e9dicas. Se requiere inscripci\u00f3n previa desde la web. El ciclo continuar\u00e1 hasta noviembre el segundo mi\u00e9rcoles de cada mes. <a href=\"https:\/\/docs.google.com\/forms\/d\/e\/1FAIpQLScCGiYe7WJ5C7cvjQGrA65zxQ_GUmcTCvO950aDY2IbZtNPZA\/viewform\">Inscripci\u00f3n online.<\/a><\/p>\n<p><!--more--><\/p>\n<p>\u00a0<\/p>\n<p>\u00a0<\/p>\n<p>\u00a0<\/p>\n<p>El pr\u00f3ximo mi\u00e9rcoles 12 de julio, a las 20 horas, realizaremos la segunda funci\u00f3n el Ciclo de Cine y Medicina en el auditorio del Colegio de M\u00e9dicos de Santa Fe.<\/p>\n<p>En esta oportunidad proyectaremos la pel\u00edcula<strong> \u201cCuaderno de Tomy\u201d<\/strong> del director argentino Carlos Sor\u00edn y las actuaciones de Valeria Bertuccelli y Esteban Lamothe.<\/p>\n<p>La pel\u00edcula nos enfrenta al proceso de una enfermedad terminal y la decisi\u00f3n de una madre de enfocarse en la construcci\u00f3n de los recuerdos de su peque\u00f1o hijo. La obra est\u00e1 basada en la novela &#8220;El Cuaderno de Nippur&#8221; escrita por Mar\u00eda V\u00e1zquez.<\/p>\n<p>Esta obra ser\u00e1 el disparador para un debate sobre <strong>cuidados paliativos<\/strong>, y para ello, contaremos con la presencia de la <strong>Dra. Romina Ben\u00edtez<\/strong> (Ley de cuidados paliativos), el <strong>Dr. Pablo Dusso<\/strong> (\u00c9tica en cuidados paliativos), y el <strong>Dr. Diego Scotta<\/strong> (eutanasia\/sedaci\u00f3n\/conceptos).<\/p>\n<p>Este Ciclo de Cine y Medicina busca generar un espacio de encuentro, acercamiento y uni\u00f3n entre los m\u00e9dicos y m\u00e9dicas que trabajan en distintas \u00e1reas, compartiendo un lugar de distensi\u00f3n, y a la vez, de aprendizaje.<\/p>\n<p>Las funciones ser\u00e1n el segundo mi\u00e9rcoles de cada mes hasta noviembre, y en cada una de ellas seguiremos presentando una pel\u00edcula que nos permitir\u00e1 generar una discusi\u00f3n o actualizaci\u00f3n de distintas\u00a0 tem\u00e1ticas acompa\u00f1ados de profesionales especialistas en dichas \u00e1reas.<\/p>\n<p>El acceso es libre y gratuito para m\u00e9dicos y m\u00e9dicas y solo se requiere una inscripci\u00f3n previa a trav\u00e9s de un formulario digital. <a href=\"https:\/\/docs.google.com\/forms\/d\/e\/1FAIpQLScCGiYe7WJ5C7cvjQGrA65zxQ_GUmcTCvO950aDY2IbZtNPZA\/viewform\">Inscripci\u00f3n online.<\/a><\/p>\n<p>Pr\u00f3xima funci\u00f3n: 12 de julio a las 20 horas.<\/p>\n<p>Lugar: Auditorio del Colegio de M\u00e9dicos de Santa Fe, 9 de Julio 2464.<\/p>\n<p>\u00a1Te esperamos!<\/p>\n","protected":false},"excerpt":{"rendered":"<p>El pr\u00f3ximo mi\u00e9rcoles 12 de julio iniciamos el Ciclo de Cine y Medicina con la proyecci\u00f3n de la pel\u00edcula \u201cEl cuaderno de Tomy\u201d (Argentina \u2013 2020). En el momento del debate nos acompa\u00f1ar\u00e1n la Dra. Romina Ben\u00edtez, el Dr. Pablo Dusso y\u00a0 Dr. Diego Scotta Diego. El acceso es libre y gratuito para m\u00e9dicos y [&hellip;]<\/p>\n","protected":false},"author":1,"featured_media":3824,"comment_status":"open","ping_status":"open","sticky":true,"template":"","format":"standard","meta":{"_uag_custom_page_level_css":"","_jetpack_memberships_contains_paid_content":false,"footnotes":""},"categories":[6],"tags":[],"class_list":["post-3825","post","type-post","status-publish","format-standard","has-post-thumbnail","hentry","category-noticias"],"jetpack_sharing_enabled":true,"jetpack_featured_media_url":"https:\/\/colmedicosantafe1.org.ar\/wp-content\/uploads\/2023\/07\/El-cuaderno-de-Tomy1.jpg","uagb_featured_image_src":{"full":["https:\/\/colmedicosantafe1.org.ar\/wp-content\/uploads\/2023\/07\/El-cuaderno-de-Tomy1.jpg",266,168,false],"thumbnail":["https:\/\/colmedicosantafe1.org.ar\/wp-content\/uploads\/2023\/07\/El-cuaderno-de-Tomy1-150x150.jpg",150,150,true],"medium":["https:\/\/colmedicosantafe1.org.ar\/wp-content\/uploads\/2023\/07\/El-cuaderno-de-Tomy1.jpg",266,168,false],"medium_large":["https:\/\/colmedicosantafe1.org.ar\/wp-content\/uploads\/2023\/07\/El-cuaderno-de-Tomy1.jpg",266,168,false],"large":["https:\/\/colmedicosantafe1.org.ar\/wp-content\/uploads\/2023\/07\/El-cuaderno-de-Tomy1.jpg",266,168,false],"1536x1536":["https:\/\/colmedicosantafe1.org.ar\/wp-content\/uploads\/2023\/07\/El-cuaderno-de-Tomy1.jpg",266,168,false],"2048x2048":["https:\/\/colmedicosantafe1.org.ar\/wp-content\/uploads\/2023\/07\/El-cuaderno-de-Tomy1.jpg",266,168,false]},"uagb_author_info":{"display_name":"admin","author_link":"https:\/\/colmedicosantafe1.org.ar\/?author=1"},"uagb_comment_info":0,"uagb_excerpt":"El pr\u00f3ximo mi\u00e9rcoles 12 de julio iniciamos el Ciclo de Cine y Medicina con la proyecci\u00f3n de la pel\u00edcula \u201cEl cuaderno de Tomy\u201d (Argentina \u2013 2020). En el momento del debate nos acompa\u00f1ar\u00e1n la Dra. Romina Ben\u00edtez, el Dr. Pablo Dusso y\u00a0 Dr. Diego Scotta Diego. El acceso es libre y gratuito para m\u00e9dicos y&hellip;","_links":{"self":[{"href":"https:\/\/colmedicosantafe1.org.ar\/index.php?rest_route=\/wp\/v2\/posts\/3825","targetHints":{"allow":["GET"]}}],"collection":[{"href":"https:\/\/colmedicosantafe1.org.ar\/index.php?rest_route=\/wp\/v2\/posts"}],"about":[{"href":"https:\/\/colmedicosantafe1.org.ar\/index.php?rest_route=\/wp\/v2\/types\/post"}],"author":[{"embeddable":true,"href":"https:\/\/colmedicosantafe1.org.ar\/index.php?rest_route=\/wp\/v2\/users\/1"}],"replies":[{"embeddable":true,"href":"https:\/\/colmedicosantafe1.org.ar\/index.php?rest_route=%2Fwp%2Fv2%2Fcomments&post=3825"}],"version-history":[{"count":0,"href":"https:\/\/colmedicosantafe1.org.ar\/index.php?rest_route=\/wp\/v2\/posts\/3825\/revisions"}],"wp:featuredmedia":[{"embeddable":true,"href":"https:\/\/colmedicosantafe1.org.ar\/index.php?rest_route=\/wp\/v2\/media\/3824"}],"wp:attachment":[{"href":"https:\/\/colmedicosantafe1.org.ar\/index.php?rest_route=%2Fwp%2Fv2%2Fmedia&parent=3825"}],"wp:term":[{"taxonomy":"category","embeddable":true,"href":"https:\/\/colmedicosantafe1.org.ar\/index.php?rest_route=%2Fwp%2Fv2%2Fcategories&post=3825"},{"taxonomy":"post_tag","embeddable":true,"href":"https:\/\/colmedicosantafe1.org.ar\/index.php?rest_route=%2Fwp%2Fv2%2Ftags&post=3825"}],"curies":[{"name":"wp","href":"https:\/\/api.w.org\/{rel}","templated":true}]}}