{"id":3823,"date":"2023-07-06T22:47:45","date_gmt":"2023-07-07T01:47:45","guid":{"rendered":"https:\/\/cmsf.org.ar\/sitio\/?p=3823"},"modified":"2023-07-06T22:47:45","modified_gmt":"2023-07-07T01:47:45","slug":"nuevo-beneficio-jubilatorio","status":"publish","type":"post","link":"https:\/\/colmedicosantafe1.org.ar\/?p=3823","title":{"rendered":"Nuevo beneficio jubilatorio"},"content":{"rendered":"<p><img decoding=\"async\" class=\"pull-left size-full wp-image-2065\" style=\"margin: 5px;\" src=\"https:\/\/colmedicosantafe1.org.ar\/wp-content\/uploads\/2017\/09\/Logo_CMSF_en_vidrio.jpg\" width=\"200\" srcset=\"https:\/\/colmedicosantafe1.org.ar\/wp-content\/uploads\/2017\/09\/Logo_CMSF_en_vidrio.jpg 937w, https:\/\/colmedicosantafe1.org.ar\/wp-content\/uploads\/2017\/09\/Logo_CMSF_en_vidrio-300x289.jpg 300w, https:\/\/colmedicosantafe1.org.ar\/wp-content\/uploads\/2017\/09\/Logo_CMSF_en_vidrio-768x741.jpg 768w\" sizes=\"(max-width: 937px) 100vw, 937px\" \/>A partir del 1\u00b0 de julio, el Colegio de M\u00e9dicos de Santa Fe \u2013 1\u00b0 Circunscripci\u00f3n, otorgar\u00e1 un subsidio solidario a todos los profesionales m\u00e9dicos que se retiren del ejercicio profesional para acceder a la jubilaci\u00f3n cancelando su matr\u00edcula.<\/p>\n<p><!--more--><\/p>\n<p>\u00a0<\/p>\n<p>El monto del <strong>subsidio jubilatorio<\/strong> ser\u00e1 el equivalente al valor fijado para la matriculaci\u00f3n al momento de la cancelaci\u00f3n de la matr\u00edcula, multiplicado por la cantidad de a\u00f1os de ejercicio profesional y vigencia de la misma, con un tope de 30 a\u00f1os.<\/p>\n<p>Con este nuevo aporte, el Colegio de M\u00e9dicos de Santa Fe \u2013 1\u00b0 Circunscripci\u00f3n, <strong>ampl\u00eda la gama de beneficios<\/strong> destinados a los profesionales colegiados, que ya cuentan con subsidios por fallecimiento, incapacidad, maternidad, y contingencias extraordinarias, adem\u00e1s de becas de estudio para hijos de m\u00e9dicos fallecidos.<\/p>\n","protected":false},"excerpt":{"rendered":"<p>A partir del 1\u00b0 de julio, el Colegio de M\u00e9dicos de Santa Fe \u2013 1\u00b0 Circunscripci\u00f3n, otorgar\u00e1 un subsidio solidario a todos los profesionales m\u00e9dicos que se retiren del ejercicio profesional para acceder a la jubilaci\u00f3n cancelando su matr\u00edcula.<\/p>\n","protected":false},"author":1,"featured_media":2065,"comment_status":"open","ping_status":"open","sticky":true,"template":"","format":"standard","meta":{"_uag_custom_page_level_css":"","_jetpack_memberships_contains_paid_content":false,"footnotes":""},"categories":[6],"tags":[],"class_list":["post-3823","post","type-post","status-publish","format-standard","has-post-thumbnail","hentry","category-noticias"],"jetpack_sharing_enabled":true,"jetpack_featured_media_url":"https:\/\/colmedicosantafe1.org.ar\/wp-content\/uploads\/2017\/09\/Logo_CMSF_en_vidrio.jpg","uagb_featured_image_src":{"full":["https:\/\/colmedicosantafe1.org.ar\/wp-content\/uploads\/2017\/09\/Logo_CMSF_en_vidrio.jpg",937,904,false],"thumbnail":["https:\/\/colmedicosantafe1.org.ar\/wp-content\/uploads\/2017\/09\/Logo_CMSF_en_vidrio-150x150.jpg",150,150,true],"medium":["https:\/\/colmedicosantafe1.org.ar\/wp-content\/uploads\/2017\/09\/Logo_CMSF_en_vidrio-300x289.jpg",300,289,true],"medium_large":["https:\/\/colmedicosantafe1.org.ar\/wp-content\/uploads\/2017\/09\/Logo_CMSF_en_vidrio-768x741.jpg",768,741,true],"large":["https:\/\/colmedicosantafe1.org.ar\/wp-content\/uploads\/2017\/09\/Logo_CMSF_en_vidrio.jpg",937,904,false],"1536x1536":["https:\/\/colmedicosantafe1.org.ar\/wp-content\/uploads\/2017\/09\/Logo_CMSF_en_vidrio.jpg",937,904,false],"2048x2048":["https:\/\/colmedicosantafe1.org.ar\/wp-content\/uploads\/2017\/09\/Logo_CMSF_en_vidrio.jpg",937,904,false]},"uagb_author_info":{"display_name":"admin","author_link":"https:\/\/colmedicosantafe1.org.ar\/?author=1"},"uagb_comment_info":0,"uagb_excerpt":"A partir del 1\u00b0 de julio, el Colegio de M\u00e9dicos de Santa Fe \u2013 1\u00b0 Circunscripci\u00f3n, otorgar\u00e1 un subsidio solidario a todos los profesionales m\u00e9dicos que se retiren del ejercicio profesional para acceder a la jubilaci\u00f3n cancelando su matr\u00edcula.","_links":{"self":[{"href":"https:\/\/colmedicosantafe1.org.ar\/index.php?rest_route=\/wp\/v2\/posts\/3823","targetHints":{"allow":["GET"]}}],"collection":[{"href":"https:\/\/colmedicosantafe1.org.ar\/index.php?rest_route=\/wp\/v2\/posts"}],"about":[{"href":"https:\/\/colmedicosantafe1.org.ar\/index.php?rest_route=\/wp\/v2\/types\/post"}],"author":[{"embeddable":true,"href":"https:\/\/colmedicosantafe1.org.ar\/index.php?rest_route=\/wp\/v2\/users\/1"}],"replies":[{"embeddable":true,"href":"https:\/\/colmedicosantafe1.org.ar\/index.php?rest_route=%2Fwp%2Fv2%2Fcomments&post=3823"}],"version-history":[{"count":0,"href":"https:\/\/colmedicosantafe1.org.ar\/index.php?rest_route=\/wp\/v2\/posts\/3823\/revisions"}],"wp:featuredmedia":[{"embeddable":true,"href":"https:\/\/colmedicosantafe1.org.ar\/index.php?rest_route=\/wp\/v2\/media\/2065"}],"wp:attachment":[{"href":"https:\/\/colmedicosantafe1.org.ar\/index.php?rest_route=%2Fwp%2Fv2%2Fmedia&parent=3823"}],"wp:term":[{"taxonomy":"category","embeddable":true,"href":"https:\/\/colmedicosantafe1.org.ar\/index.php?rest_route=%2Fwp%2Fv2%2Fcategories&post=3823"},{"taxonomy":"post_tag","embeddable":true,"href":"https:\/\/colmedicosantafe1.org.ar\/index.php?rest_route=%2Fwp%2Fv2%2Ftags&post=3823"}],"curies":[{"name":"wp","href":"https:\/\/api.w.org\/{rel}","templated":true}]}}