{"id":3813,"date":"2023-06-07T09:35:40","date_gmt":"2023-06-07T12:35:40","guid":{"rendered":"https:\/\/cmsf.org.ar\/sitio\/?p=3813"},"modified":"2023-06-07T09:35:40","modified_gmt":"2023-06-07T12:35:40","slug":"la-artificialidad-de-lo-natural-desdibujando-limites-en-la-inteligencia-13-de-junio","status":"publish","type":"post","link":"https:\/\/colmedicosantafe1.org.ar\/?p=3813","title":{"rendered":"La artificialidad de lo natural: desdibujando l\u00edmites en la inteligencia \u2013 13 de junio"},"content":{"rendered":"<p><img decoding=\"async\" class=\"pull-left size-full wp-image-3812\" style=\"margin: 5px;\" src=\"https:\/\/colmedicosantafe1.org.ar\/wp-content\/uploads\/2023\/06\/descarga.jpg\" width=\"200\" \/>El pr\u00f3ximo martes 13 de junio se realizar\u00e1 un nuevo encuentro del espacio debate sobre Filosof\u00eda y Ciencia organizado por el Colegio de M\u00e9dicos de Santa Fe. El tema de conversaci\u00f3n ser\u00e1 &#8220;La artificialidad de lo natural: desdibujando l\u00edmites en la inteligencia\u201d. Coordina el Doctor en Filosof\u00eda Federico Viola. La actividad ser\u00e1 presencial con acceso libre y gratuito. Se requiere inscripci\u00f3n previa a trav\u00e9s de la web. Se entregan certificados de asistencia. <a href=\"https:\/\/docs.google.com\/forms\/d\/e\/1FAIpQLScC61dgJnadxhUy7vxvcWoVH7synmded5_F6e_64uAi5LEoaA\/viewform\">Formulario inscripci\u00f3n.<\/a><\/p>\n<p><!--more--><\/p>\n<p>\u00a0<\/p>\n<p>El pr\u00f3ximo martes 13 de junio, a las 20 horas, se realizar\u00e1 un nuevo encuentro del espacio de debate sobre Filosof\u00eda y Ciencia. El encuentro ser\u00e1 en la sede del Colegio de M\u00e9dicos de Santa Fe cita en calle 9 de Julio 2464 y estar\u00e1 coordinado por el Doctor en Filosof\u00eda Federico Viola.<\/p>\n<p>En esta ocasi\u00f3n el tema de conversaci\u00f3n ser\u00e1 \u201cLa artificialidad de lo natural: desdibujando l\u00edmites en la inteligencia\u201d.<\/p>\n<p>Estos encuentros buscan generar un espacio donde se pueda ejercitar el \u201carte de preguntar\u201d y reflexionar sobre Filosof\u00eda y Ciencia.<\/p>\n<p>El acceso es libre y gratuito.<\/p>\n<p>Se requiere inscripci\u00f3n previa a trav\u00e9s de la Web.<\/p>\n<p><a href=\"https:\/\/docs.google.com\/forms\/d\/e\/1FAIpQLScC61dgJnadxhUy7vxvcWoVH7synmded5_F6e_64uAi5LEoaA\/viewform\">INSCRIPCI\u00d3N PREVIA<\/a><\/p>\n<p>Se entregaran certificados de asistencia.<\/p>\n<p>\u00a0<\/p>\n<p><strong>Federico Viola<\/strong><\/p>\n<p>Doctor en Filosof\u00eda (Universidad de Friburgo, Alemania), Licenciado en Filosof\u00eda (UNL, Argentina), Profesor en Ense\u00f1anza Cristiana y Filosof\u00eda (Instituto San Juan de Avila, Santa. Fe, Argentina). Entre 2013 y 2015 Docente en la Universidad de Friburgo. Autor del libro \u201cDer Kairos der Liebe. Das Konzept der Gerechtigkeit bei Emmanuel Levinas\u201d y de otras publicaciones acad\u00e9micas aparecidas en revistas cient\u00edficas de Europa y Am\u00e9rica Latina. \u00c1reas de inter\u00e9s: \u00c9tica, Teor\u00eda de la justicia, Filosof\u00eda del lenguaje, Nuevas tecnolog\u00edas, TICs, Educaci\u00f3n e inform\u00e1tica.<\/p>\n<p>\u00a0<\/p>\n<p><strong>Informes<\/strong><\/p>\n<p>Colegio de M\u00e9dicos de Santa Fe 1ra. Circunscripci\u00f3n<\/p>\n<p>9 de Julio 2464 \u2013 Santa Fe<\/p>\n<p>Tel\u00e9fono: 0342-4520182 interno 7<\/p>\n<p>\u00a0<\/p>\n","protected":false},"excerpt":{"rendered":"<p>El pr\u00f3ximo martes 13 de junio se realizar\u00e1 un nuevo encuentro del espacio debate sobre Filosof\u00eda y Ciencia organizado por el Colegio de M\u00e9dicos de Santa Fe. El tema de conversaci\u00f3n ser\u00e1 &#8220;La artificialidad de lo natural: desdibujando l\u00edmites en la inteligencia\u201d. Coordina el Doctor en Filosof\u00eda Federico Viola. La actividad ser\u00e1 presencial con acceso [&hellip;]<\/p>\n","protected":false},"author":1,"featured_media":3812,"comment_status":"open","ping_status":"open","sticky":true,"template":"","format":"standard","meta":{"_uag_custom_page_level_css":"","_jetpack_memberships_contains_paid_content":false,"footnotes":""},"categories":[6],"tags":[],"class_list":["post-3813","post","type-post","status-publish","format-standard","has-post-thumbnail","hentry","category-noticias"],"jetpack_sharing_enabled":true,"jetpack_featured_media_url":"https:\/\/colmedicosantafe1.org.ar\/wp-content\/uploads\/2023\/06\/descarga.jpg","uagb_featured_image_src":{"full":["https:\/\/colmedicosantafe1.org.ar\/wp-content\/uploads\/2023\/06\/descarga.jpg",300,168,false],"thumbnail":["https:\/\/colmedicosantafe1.org.ar\/wp-content\/uploads\/2023\/06\/descarga-150x150.jpg",150,150,true],"medium":["https:\/\/colmedicosantafe1.org.ar\/wp-content\/uploads\/2023\/06\/descarga.jpg",300,168,false],"medium_large":["https:\/\/colmedicosantafe1.org.ar\/wp-content\/uploads\/2023\/06\/descarga.jpg",300,168,false],"large":["https:\/\/colmedicosantafe1.org.ar\/wp-content\/uploads\/2023\/06\/descarga.jpg",300,168,false],"1536x1536":["https:\/\/colmedicosantafe1.org.ar\/wp-content\/uploads\/2023\/06\/descarga.jpg",300,168,false],"2048x2048":["https:\/\/colmedicosantafe1.org.ar\/wp-content\/uploads\/2023\/06\/descarga.jpg",300,168,false]},"uagb_author_info":{"display_name":"admin","author_link":"https:\/\/colmedicosantafe1.org.ar\/?author=1"},"uagb_comment_info":0,"uagb_excerpt":"El pr\u00f3ximo martes 13 de junio se realizar\u00e1 un nuevo encuentro del espacio debate sobre Filosof\u00eda y Ciencia organizado por el Colegio de M\u00e9dicos de Santa Fe. El tema de conversaci\u00f3n ser\u00e1 &#8220;La artificialidad de lo natural: desdibujando l\u00edmites en la inteligencia\u201d. Coordina el Doctor en Filosof\u00eda Federico Viola. La actividad ser\u00e1 presencial con acceso&hellip;","_links":{"self":[{"href":"https:\/\/colmedicosantafe1.org.ar\/index.php?rest_route=\/wp\/v2\/posts\/3813","targetHints":{"allow":["GET"]}}],"collection":[{"href":"https:\/\/colmedicosantafe1.org.ar\/index.php?rest_route=\/wp\/v2\/posts"}],"about":[{"href":"https:\/\/colmedicosantafe1.org.ar\/index.php?rest_route=\/wp\/v2\/types\/post"}],"author":[{"embeddable":true,"href":"https:\/\/colmedicosantafe1.org.ar\/index.php?rest_route=\/wp\/v2\/users\/1"}],"replies":[{"embeddable":true,"href":"https:\/\/colmedicosantafe1.org.ar\/index.php?rest_route=%2Fwp%2Fv2%2Fcomments&post=3813"}],"version-history":[{"count":0,"href":"https:\/\/colmedicosantafe1.org.ar\/index.php?rest_route=\/wp\/v2\/posts\/3813\/revisions"}],"wp:featuredmedia":[{"embeddable":true,"href":"https:\/\/colmedicosantafe1.org.ar\/index.php?rest_route=\/wp\/v2\/media\/3812"}],"wp:attachment":[{"href":"https:\/\/colmedicosantafe1.org.ar\/index.php?rest_route=%2Fwp%2Fv2%2Fmedia&parent=3813"}],"wp:term":[{"taxonomy":"category","embeddable":true,"href":"https:\/\/colmedicosantafe1.org.ar\/index.php?rest_route=%2Fwp%2Fv2%2Fcategories&post=3813"},{"taxonomy":"post_tag","embeddable":true,"href":"https:\/\/colmedicosantafe1.org.ar\/index.php?rest_route=%2Fwp%2Fv2%2Ftags&post=3813"}],"curies":[{"name":"wp","href":"https:\/\/api.w.org\/{rel}","templated":true}]}}