{"id":3811,"date":"2023-05-15T23:09:06","date_gmt":"2023-05-16T02:09:06","guid":{"rendered":"https:\/\/cmsf.org.ar\/sitio\/?p=3811"},"modified":"2023-05-15T23:09:06","modified_gmt":"2023-05-16T02:09:06","slug":"webinario-rcp-basica-y-avanzada","status":"publish","type":"post","link":"https:\/\/colmedicosantafe1.org.ar\/?p=3811","title":{"rendered":"Webinario: RCP b\u00e1sica y avanzada"},"content":{"rendered":"<p><img decoding=\"async\" class=\"pull-left size-full wp-image-3534\" style=\"margin: 5px;\" src=\"https:\/\/colmedicosantafe1.org.ar\/wp-content\/uploads\/2021\/04\/RCP.jpg\" width=\"200\" srcset=\"https:\/\/colmedicosantafe1.org.ar\/wp-content\/uploads\/2021\/04\/RCP.jpg 490w, https:\/\/colmedicosantafe1.org.ar\/wp-content\/uploads\/2021\/04\/RCP-300x165.jpg 300w\" sizes=\"(max-width: 490px) 100vw, 490px\" \/>El jueves 1\u00b0 de junio se realizar\u00e1 un encuentro webinario sobre el tema \u201cRCP b\u00e1sica y avanzada\u201d. Expondr\u00e1 el Dr. Adolfo Savia, m\u00e9dico especialista en Emergentolog\u00eda y Medicina Interna. Ser\u00e1 a trav\u00e9s de la plataforma Zoom del Colegio de M\u00e9dicos de Santa Fe. Acceso libre con inscripci\u00f3n previa.<\/p>\n<p><strong><a href=\"https:\/\/us06web.zoom.us\/webinar\/register\/WN_Ltan_0kxTiSo9zWZI3LD_w\" target=\"_blank\" rel=\"noopener noreferrer\">Formulario de inscripci\u00f3n<\/a><\/strong><\/p>\n<p><!--more--><\/p>\n<p>El jueves 1\u00b0 de junio, a las 20 horas, se realizar\u00e1 un encuentro webinario sobre el tema \u201cRCP b\u00e1sica y avanzada\u201d.<\/p>\n<p>Expondr\u00e1 el Dr. Adolfo Savia, m\u00e9dico especialista en Emergentolog\u00eda y Medicina Interna.<\/p>\n<p>La actividad ser\u00e1 a trav\u00e9s de la plataforma Zoom del Colegio de M\u00e9dicos de Santa Fe.<\/p>\n<p>Evento de acceso libre con inscripci\u00f3n previa v\u00eda web.<\/p>\n<p>\u00a0<\/p>\n<p><strong><a href=\"https:\/\/us06web.zoom.us\/webinar\/register\/WN_Ltan_0kxTiSo9zWZI3LD_w\" target=\"_blank\" rel=\"noopener noreferrer\">Formulario de inscripci\u00f3n.<\/a><\/strong><\/p>\n<p>\u00a0<\/p>\n<p>El Dr. Adolfo Savia se desempe\u00f1a como Jefe de Emergencias Hospital San Juan de Dios. Ramos Mej\u00eda y del Hospital Central de Emergencias y Alta Complejidad de Pilar, de Buenos Aires.<\/p>\n<p>Es presidente del Consejo de Emergencias de la Sociedad Argentina de Emergencias (SAM).<\/p>\n<p>Director Asociado de la Carrera de especializaci\u00f3n en Emergentolog\u00eda. UBA.<\/p>\n<p>Instructor BLS\/ACLS\/PALS.<\/p>\n","protected":false},"excerpt":{"rendered":"<p>El jueves 1\u00b0 de junio se realizar\u00e1 un encuentro webinario sobre el tema \u201cRCP b\u00e1sica y avanzada\u201d. Expondr\u00e1 el Dr. Adolfo Savia, m\u00e9dico especialista en Emergentolog\u00eda y Medicina Interna. Ser\u00e1 a trav\u00e9s de la plataforma Zoom del Colegio de M\u00e9dicos de Santa Fe. Acceso libre con inscripci\u00f3n previa. Formulario de inscripci\u00f3n<\/p>\n","protected":false},"author":1,"featured_media":3534,"comment_status":"open","ping_status":"open","sticky":true,"template":"","format":"standard","meta":{"_uag_custom_page_level_css":"","_jetpack_memberships_contains_paid_content":false,"footnotes":""},"categories":[30],"tags":[],"class_list":["post-3811","post","type-post","status-publish","format-standard","has-post-thumbnail","hentry","category-cursos"],"jetpack_sharing_enabled":true,"jetpack_featured_media_url":"https:\/\/colmedicosantafe1.org.ar\/wp-content\/uploads\/2021\/04\/RCP.jpg","uagb_featured_image_src":{"full":["https:\/\/colmedicosantafe1.org.ar\/wp-content\/uploads\/2021\/04\/RCP.jpg",490,270,false],"thumbnail":["https:\/\/colmedicosantafe1.org.ar\/wp-content\/uploads\/2021\/04\/RCP-150x150.jpg",150,150,true],"medium":["https:\/\/colmedicosantafe1.org.ar\/wp-content\/uploads\/2021\/04\/RCP-300x165.jpg",300,165,true],"medium_large":["https:\/\/colmedicosantafe1.org.ar\/wp-content\/uploads\/2021\/04\/RCP.jpg",490,270,false],"large":["https:\/\/colmedicosantafe1.org.ar\/wp-content\/uploads\/2021\/04\/RCP.jpg",490,270,false],"1536x1536":["https:\/\/colmedicosantafe1.org.ar\/wp-content\/uploads\/2021\/04\/RCP.jpg",490,270,false],"2048x2048":["https:\/\/colmedicosantafe1.org.ar\/wp-content\/uploads\/2021\/04\/RCP.jpg",490,270,false]},"uagb_author_info":{"display_name":"admin","author_link":"https:\/\/colmedicosantafe1.org.ar\/?author=1"},"uagb_comment_info":0,"uagb_excerpt":"El jueves 1\u00b0 de junio se realizar\u00e1 un encuentro webinario sobre el tema \u201cRCP b\u00e1sica y avanzada\u201d. Expondr\u00e1 el Dr. Adolfo Savia, m\u00e9dico especialista en Emergentolog\u00eda y Medicina Interna. Ser\u00e1 a trav\u00e9s de la plataforma Zoom del Colegio de M\u00e9dicos de Santa Fe. Acceso libre con inscripci\u00f3n previa. Formulario de inscripci\u00f3n","_links":{"self":[{"href":"https:\/\/colmedicosantafe1.org.ar\/index.php?rest_route=\/wp\/v2\/posts\/3811","targetHints":{"allow":["GET"]}}],"collection":[{"href":"https:\/\/colmedicosantafe1.org.ar\/index.php?rest_route=\/wp\/v2\/posts"}],"about":[{"href":"https:\/\/colmedicosantafe1.org.ar\/index.php?rest_route=\/wp\/v2\/types\/post"}],"author":[{"embeddable":true,"href":"https:\/\/colmedicosantafe1.org.ar\/index.php?rest_route=\/wp\/v2\/users\/1"}],"replies":[{"embeddable":true,"href":"https:\/\/colmedicosantafe1.org.ar\/index.php?rest_route=%2Fwp%2Fv2%2Fcomments&post=3811"}],"version-history":[{"count":0,"href":"https:\/\/colmedicosantafe1.org.ar\/index.php?rest_route=\/wp\/v2\/posts\/3811\/revisions"}],"wp:featuredmedia":[{"embeddable":true,"href":"https:\/\/colmedicosantafe1.org.ar\/index.php?rest_route=\/wp\/v2\/media\/3534"}],"wp:attachment":[{"href":"https:\/\/colmedicosantafe1.org.ar\/index.php?rest_route=%2Fwp%2Fv2%2Fmedia&parent=3811"}],"wp:term":[{"taxonomy":"category","embeddable":true,"href":"https:\/\/colmedicosantafe1.org.ar\/index.php?rest_route=%2Fwp%2Fv2%2Fcategories&post=3811"},{"taxonomy":"post_tag","embeddable":true,"href":"https:\/\/colmedicosantafe1.org.ar\/index.php?rest_route=%2Fwp%2Fv2%2Ftags&post=3811"}],"curies":[{"name":"wp","href":"https:\/\/api.w.org\/{rel}","templated":true}]}}