{"id":3810,"date":"2023-05-12T00:04:16","date_gmt":"2023-05-12T03:04:16","guid":{"rendered":"https:\/\/cmsf.org.ar\/sitio\/?p=3810"},"modified":"2023-05-12T00:04:16","modified_gmt":"2023-05-12T03:04:16","slug":"celebramos-la-historia-de-compromiso-y-solidaridad-con-los-profesionales-de-la-salud","status":"publish","type":"post","link":"https:\/\/colmedicosantafe1.org.ar\/?p=3810","title":{"rendered":"Celebramos la historia de compromiso y solidaridad con los profesionales de la salud"},"content":{"rendered":"<p><img decoding=\"async\" class=\"pull-left size-full wp-image-3809\" style=\"margin: 5px;\" src=\"https:\/\/colmedicosantafe1.org.ar\/wp-content\/uploads\/2023\/05\/Camaraderia-scaled.jpg\" width=\"200\" srcset=\"https:\/\/colmedicosantafe1.org.ar\/wp-content\/uploads\/2023\/05\/Camaraderia-scaled.jpg 2560w, https:\/\/colmedicosantafe1.org.ar\/wp-content\/uploads\/2023\/05\/Camaraderia-300x174.jpg 300w, https:\/\/colmedicosantafe1.org.ar\/wp-content\/uploads\/2023\/05\/Camaraderia-1024x593.jpg 1024w, https:\/\/colmedicosantafe1.org.ar\/wp-content\/uploads\/2023\/05\/Camaraderia-768x445.jpg 768w, https:\/\/colmedicosantafe1.org.ar\/wp-content\/uploads\/2023\/05\/Camaraderia-1536x889.jpg 1536w, https:\/\/colmedicosantafe1.org.ar\/wp-content\/uploads\/2023\/05\/Camaraderia-2048x1186.jpg 2048w\" sizes=\"(max-width: 2560px) 100vw, 2560px\" \/>Hoy se cumplen 71 a\u00f1os de la creaci\u00f3n del Colegio de M\u00e9dicos de Santa Fe de la 1era. Circunscripci\u00f3n. El 12 de mayo de 1952 fue elegida la primera Mesa Directiva de nuestra entidad, culminando as\u00ed, el proceso de colegiaci\u00f3n de los profesionales de la salud iniciado dos a\u00f1os antes tras la sanci\u00f3n de la Ley N\u00ba 3.950 por parte de la Legislatura provincial.<\/p>\n<p><!--more--><\/p>\n<p>\u00a0<\/p>\n<p>\u00a0<\/p>\n<p>Hoy 12 de mayo, celebramos los 71 a\u00f1os de la creaci\u00f3n del Colegio de M\u00e9dicos de Santa Fe de la 1era. Circunscripci\u00f3n. Esta fecha nos recuerda la elecci\u00f3n de la primera Mesa Directiva de nuestra entidad, culminando as\u00ed, el proceso de colegiaci\u00f3n de los profesionales de la salud iniciado tras la sanci\u00f3n de la Ley N\u00ba 3.950 por parte de la Legislatura provincial.<\/p>\n<p>Antiguamente los m\u00e9dicos y m\u00e9dicas trabajaban de manera independiente y directa con cada paciente que requer\u00eda de sus servicios. Con el tiempo fueron surgieron distintas formas asociativas, p\u00fablicas y privadas, que buscaban proporcionar salud y bienestar a la poblaci\u00f3n. En este camino surgi\u00f3 la necesidad de una instituci\u00f3n que, entre otras funciones, asegurar\u00e1 el correcto ejercicio de la profesi\u00f3n m\u00e9dica y regular\u00e1 el arancel de atenci\u00f3n profesional. Y avalados por una larga tradici\u00f3n de compromiso y solidaridad entre los profesionales del arte de curar surgi\u00f3 en nuestra provincia el primer Colegio de M\u00e9dicos del pa\u00eds.<\/p>\n<p>Largo ha sido el recorrido desde entonces y los cambios que vimos pasar. Sabemos que nos queda mucho por mejorar y trabajamos para adaptarnos a los m\u00faltiples y complejos escenarios con que nos desaf\u00eda la evoluci\u00f3n de la medicina.<\/p>\n<p>Por eso celebramos\u2026<\/p>\n<p>71 a\u00f1os de compromiso con la \u00e9tica profesional,<\/p>\n<p>71 a\u00f1os de promover la formaci\u00f3n continua,<\/p>\n<p>71 a\u00f1os de promover el correcto ejercicio de la profesi\u00f3n,<\/p>\n<p>71 a\u00f1os de generar v\u00ednculos con otras instituciones educativas y profesionales,<\/p>\n<p>71 a\u00f1os de aquel acto fundacional, de encuentros, historias, esfuerzos compartidos, crecimientos, compromiso y solidaridad entre los profesionales del arte de curar.<\/p>\n<p>Ayer, hoy y ma\u00f1ana, seguiremos trabajando y creciendo junto a los profesionales de la salud.<\/p>\n<p>\u00a1Feliz Aniversario!<\/p>\n","protected":false},"excerpt":{"rendered":"<p>Hoy se cumplen 71 a\u00f1os de la creaci\u00f3n del Colegio de M\u00e9dicos de Santa Fe de la 1era. Circunscripci\u00f3n. El 12 de mayo de 1952 fue elegida la primera Mesa Directiva de nuestra entidad, culminando as\u00ed, el proceso de colegiaci\u00f3n de los profesionales de la salud iniciado dos a\u00f1os antes tras la sanci\u00f3n de la [&hellip;]<\/p>\n","protected":false},"author":1,"featured_media":3809,"comment_status":"open","ping_status":"open","sticky":true,"template":"","format":"standard","meta":{"_uag_custom_page_level_css":"","_jetpack_memberships_contains_paid_content":false,"footnotes":""},"categories":[6],"tags":[],"class_list":["post-3810","post","type-post","status-publish","format-standard","has-post-thumbnail","hentry","category-noticias"],"jetpack_sharing_enabled":true,"jetpack_featured_media_url":"https:\/\/colmedicosantafe1.org.ar\/wp-content\/uploads\/2023\/05\/Camaraderia-scaled.jpg","uagb_featured_image_src":{"full":["https:\/\/colmedicosantafe1.org.ar\/wp-content\/uploads\/2023\/05\/Camaraderia-scaled.jpg",2560,1482,false],"thumbnail":["https:\/\/colmedicosantafe1.org.ar\/wp-content\/uploads\/2023\/05\/Camaraderia-150x150.jpg",150,150,true],"medium":["https:\/\/colmedicosantafe1.org.ar\/wp-content\/uploads\/2023\/05\/Camaraderia-300x174.jpg",300,174,true],"medium_large":["https:\/\/colmedicosantafe1.org.ar\/wp-content\/uploads\/2023\/05\/Camaraderia-768x445.jpg",768,445,true],"large":["https:\/\/colmedicosantafe1.org.ar\/wp-content\/uploads\/2023\/05\/Camaraderia-1024x593.jpg",1024,593,true],"1536x1536":["https:\/\/colmedicosantafe1.org.ar\/wp-content\/uploads\/2023\/05\/Camaraderia-1536x889.jpg",1536,889,true],"2048x2048":["https:\/\/colmedicosantafe1.org.ar\/wp-content\/uploads\/2023\/05\/Camaraderia-2048x1186.jpg",2048,1186,true]},"uagb_author_info":{"display_name":"admin","author_link":"https:\/\/colmedicosantafe1.org.ar\/?author=1"},"uagb_comment_info":0,"uagb_excerpt":"Hoy se cumplen 71 a\u00f1os de la creaci\u00f3n del Colegio de M\u00e9dicos de Santa Fe de la 1era. Circunscripci\u00f3n. El 12 de mayo de 1952 fue elegida la primera Mesa Directiva de nuestra entidad, culminando as\u00ed, el proceso de colegiaci\u00f3n de los profesionales de la salud iniciado dos a\u00f1os antes tras la sanci\u00f3n de la&hellip;","_links":{"self":[{"href":"https:\/\/colmedicosantafe1.org.ar\/index.php?rest_route=\/wp\/v2\/posts\/3810","targetHints":{"allow":["GET"]}}],"collection":[{"href":"https:\/\/colmedicosantafe1.org.ar\/index.php?rest_route=\/wp\/v2\/posts"}],"about":[{"href":"https:\/\/colmedicosantafe1.org.ar\/index.php?rest_route=\/wp\/v2\/types\/post"}],"author":[{"embeddable":true,"href":"https:\/\/colmedicosantafe1.org.ar\/index.php?rest_route=\/wp\/v2\/users\/1"}],"replies":[{"embeddable":true,"href":"https:\/\/colmedicosantafe1.org.ar\/index.php?rest_route=%2Fwp%2Fv2%2Fcomments&post=3810"}],"version-history":[{"count":0,"href":"https:\/\/colmedicosantafe1.org.ar\/index.php?rest_route=\/wp\/v2\/posts\/3810\/revisions"}],"wp:featuredmedia":[{"embeddable":true,"href":"https:\/\/colmedicosantafe1.org.ar\/index.php?rest_route=\/wp\/v2\/media\/3809"}],"wp:attachment":[{"href":"https:\/\/colmedicosantafe1.org.ar\/index.php?rest_route=%2Fwp%2Fv2%2Fmedia&parent=3810"}],"wp:term":[{"taxonomy":"category","embeddable":true,"href":"https:\/\/colmedicosantafe1.org.ar\/index.php?rest_route=%2Fwp%2Fv2%2Fcategories&post=3810"},{"taxonomy":"post_tag","embeddable":true,"href":"https:\/\/colmedicosantafe1.org.ar\/index.php?rest_route=%2Fwp%2Fv2%2Ftags&post=3810"}],"curies":[{"name":"wp","href":"https:\/\/api.w.org\/{rel}","templated":true}]}}