{"id":3808,"date":"2023-05-10T00:23:45","date_gmt":"2023-05-10T03:23:45","guid":{"rendered":"https:\/\/cmsf.org.ar\/sitio\/?p=3808"},"modified":"2023-05-10T00:23:45","modified_gmt":"2023-05-10T03:23:45","slug":"prevencion-del-riesgo-legal-de-mala-praxis-rafaela","status":"publish","type":"post","link":"https:\/\/colmedicosantafe1.org.ar\/?p=3808","title":{"rendered":"Prevenci\u00f3n del riesgo legal de mala praxis \u2013 Rafaela"},"content":{"rendered":"<p><img decoding=\"async\" class=\"pull-left size-full wp-image-3807\" style=\"margin: 5px;\" src=\"https:\/\/colmedicosantafe1.org.ar\/wp-content\/uploads\/2023\/05\/Mala-Praxis-Rafaela.jpg\" width=\"200\" srcset=\"https:\/\/colmedicosantafe1.org.ar\/wp-content\/uploads\/2023\/05\/Mala-Praxis-Rafaela.jpg 618w, https:\/\/colmedicosantafe1.org.ar\/wp-content\/uploads\/2023\/05\/Mala-Praxis-Rafaela-300x184.jpg 300w\" sizes=\"(max-width: 618px) 100vw, 618px\" \/>El viernes 12 de mayo se realizar\u00e1 en Rafaela una jornada sobre Prevenci\u00f3n del riesgo legal de mala praxis. Dirigido exclusivamente a profesionales m\u00e9dicos y miembros del equipo de salud. Se rendir\u00e1 homenaje al Dr. Marco Antonio Terragni. Este encuentro ser\u00e1 en el auditorio \u201cDr. Ren\u00e9 Favaloro\u201d (Av. Mitre 111).<\/p>\n<p><!--more--><\/p>\n<p>\u00a0<\/p>\n<p>\u00a0<\/p>\n<p>El pr\u00f3ximo viernes 12 de mayo, a partir de las 20 horas, se realizar\u00e1 en Rafaela una jornada sobre Prevenci\u00f3n del riesgo legal de mala praxis. La actividad est\u00e1 dirigido exclusivamente a profesionales m\u00e9dicos y miembros del equipo de salud.<\/p>\n<p>En el inicio de la jornada las autoridades del Colegio de M\u00e9dicos de Santa Fe rendir\u00e1n homenaje al Dr. Marco Antonio Terragni, ex asesor letrada de la entidad.<\/p>\n<p><strong>Programa<\/strong><\/p>\n<p>&#8211; \u201cMala Praxis: epidemia del ejercicio profesional\u201d<\/p>\n<p>A cargo del abogado Luis Alberto De Pr\u00f3, asesor Jur\u00eddico y apoderado del Colegio de M\u00e9dicos de Santa Fe 1\u00aa. Circunscripci\u00f3n.<\/p>\n<p>&#8211; \u201cHistoria cl\u00ednica y consentimiento informado&#8221;<\/p>\n<p>A cargo del cargo del Dr. Carlos Alico, actual Secretario del Colegio de M\u00e9dicos de Santa Fe 1\u00aa. Circunscripci\u00f3n y ex presidente de la entidad.<\/p>\n<p>Al finalizar se abrir\u00e1 el debate y un espacio de asesoramiento frente a la situaci\u00f3n de los profesionales y el aumento de las demandas de mala praxis.<\/p>\n<p>Este encuentro se realizar\u00e1 en el auditorio \u201cDr. Ren\u00e9 Favaloro\u201d, cito en Av. Mitre 111, de la ciudad de Rafaela.<\/p>\n","protected":false},"excerpt":{"rendered":"<p>El viernes 12 de mayo se realizar\u00e1 en Rafaela una jornada sobre Prevenci\u00f3n del riesgo legal de mala praxis. Dirigido exclusivamente a profesionales m\u00e9dicos y miembros del equipo de salud. Se rendir\u00e1 homenaje al Dr. Marco Antonio Terragni. Este encuentro ser\u00e1 en el auditorio \u201cDr. Ren\u00e9 Favaloro\u201d (Av. Mitre 111).<\/p>\n","protected":false},"author":1,"featured_media":3807,"comment_status":"open","ping_status":"open","sticky":true,"template":"","format":"standard","meta":{"_uag_custom_page_level_css":"","_jetpack_memberships_contains_paid_content":false,"footnotes":""},"categories":[6],"tags":[],"class_list":["post-3808","post","type-post","status-publish","format-standard","has-post-thumbnail","hentry","category-noticias"],"jetpack_sharing_enabled":true,"jetpack_featured_media_url":"https:\/\/colmedicosantafe1.org.ar\/wp-content\/uploads\/2023\/05\/Mala-Praxis-Rafaela.jpg","uagb_featured_image_src":{"full":["https:\/\/colmedicosantafe1.org.ar\/wp-content\/uploads\/2023\/05\/Mala-Praxis-Rafaela.jpg",618,379,false],"thumbnail":["https:\/\/colmedicosantafe1.org.ar\/wp-content\/uploads\/2023\/05\/Mala-Praxis-Rafaela-150x150.jpg",150,150,true],"medium":["https:\/\/colmedicosantafe1.org.ar\/wp-content\/uploads\/2023\/05\/Mala-Praxis-Rafaela-300x184.jpg",300,184,true],"medium_large":["https:\/\/colmedicosantafe1.org.ar\/wp-content\/uploads\/2023\/05\/Mala-Praxis-Rafaela.jpg",618,379,false],"large":["https:\/\/colmedicosantafe1.org.ar\/wp-content\/uploads\/2023\/05\/Mala-Praxis-Rafaela.jpg",618,379,false],"1536x1536":["https:\/\/colmedicosantafe1.org.ar\/wp-content\/uploads\/2023\/05\/Mala-Praxis-Rafaela.jpg",618,379,false],"2048x2048":["https:\/\/colmedicosantafe1.org.ar\/wp-content\/uploads\/2023\/05\/Mala-Praxis-Rafaela.jpg",618,379,false]},"uagb_author_info":{"display_name":"admin","author_link":"https:\/\/colmedicosantafe1.org.ar\/?author=1"},"uagb_comment_info":0,"uagb_excerpt":"El viernes 12 de mayo se realizar\u00e1 en Rafaela una jornada sobre Prevenci\u00f3n del riesgo legal de mala praxis. Dirigido exclusivamente a profesionales m\u00e9dicos y miembros del equipo de salud. Se rendir\u00e1 homenaje al Dr. Marco Antonio Terragni. Este encuentro ser\u00e1 en el auditorio \u201cDr. Ren\u00e9 Favaloro\u201d (Av. Mitre 111).","_links":{"self":[{"href":"https:\/\/colmedicosantafe1.org.ar\/index.php?rest_route=\/wp\/v2\/posts\/3808","targetHints":{"allow":["GET"]}}],"collection":[{"href":"https:\/\/colmedicosantafe1.org.ar\/index.php?rest_route=\/wp\/v2\/posts"}],"about":[{"href":"https:\/\/colmedicosantafe1.org.ar\/index.php?rest_route=\/wp\/v2\/types\/post"}],"author":[{"embeddable":true,"href":"https:\/\/colmedicosantafe1.org.ar\/index.php?rest_route=\/wp\/v2\/users\/1"}],"replies":[{"embeddable":true,"href":"https:\/\/colmedicosantafe1.org.ar\/index.php?rest_route=%2Fwp%2Fv2%2Fcomments&post=3808"}],"version-history":[{"count":0,"href":"https:\/\/colmedicosantafe1.org.ar\/index.php?rest_route=\/wp\/v2\/posts\/3808\/revisions"}],"wp:featuredmedia":[{"embeddable":true,"href":"https:\/\/colmedicosantafe1.org.ar\/index.php?rest_route=\/wp\/v2\/media\/3807"}],"wp:attachment":[{"href":"https:\/\/colmedicosantafe1.org.ar\/index.php?rest_route=%2Fwp%2Fv2%2Fmedia&parent=3808"}],"wp:term":[{"taxonomy":"category","embeddable":true,"href":"https:\/\/colmedicosantafe1.org.ar\/index.php?rest_route=%2Fwp%2Fv2%2Fcategories&post=3808"},{"taxonomy":"post_tag","embeddable":true,"href":"https:\/\/colmedicosantafe1.org.ar\/index.php?rest_route=%2Fwp%2Fv2%2Ftags&post=3808"}],"curies":[{"name":"wp","href":"https:\/\/api.w.org\/{rel}","templated":true}]}}