{"id":3806,"date":"2023-05-10T00:21:03","date_gmt":"2023-05-10T03:21:03","guid":{"rendered":"https:\/\/cmsf.org.ar\/sitio\/?p=3806"},"modified":"2023-05-10T00:21:03","modified_gmt":"2023-05-10T03:21:03","slug":"el-colegio-de-medicos-sera-parte-del-museo-maraton-2023","status":"publish","type":"post","link":"https:\/\/colmedicosantafe1.org.ar\/?p=3806","title":{"rendered":"El Colegio de M\u00e9dicos ser\u00e1 parte del Museo Marat\u00f3n 2023"},"content":{"rendered":"<p><img decoding=\"async\" class=\"pull-left size-full wp-image-2397\" style=\"margin: 5px;\" src=\"https:\/\/colmedicosantafe1.org.ar\/wp-content\/uploads\/2016\/03\/Noche_de_los_Museos_1.jpg\" width=\"200\" srcset=\"https:\/\/colmedicosantafe1.org.ar\/wp-content\/uploads\/2016\/03\/Noche_de_los_Museos_1.jpg 2072w, https:\/\/colmedicosantafe1.org.ar\/wp-content\/uploads\/2016\/03\/Noche_de_los_Museos_1-300x194.jpg 300w, https:\/\/colmedicosantafe1.org.ar\/wp-content\/uploads\/2016\/03\/Noche_de_los_Museos_1-1024x662.jpg 1024w, https:\/\/colmedicosantafe1.org.ar\/wp-content\/uploads\/2016\/03\/Noche_de_los_Museos_1-768x496.jpg 768w, https:\/\/colmedicosantafe1.org.ar\/wp-content\/uploads\/2016\/03\/Noche_de_los_Museos_1-1536x993.jpg 1536w, https:\/\/colmedicosantafe1.org.ar\/wp-content\/uploads\/2016\/03\/Noche_de_los_Museos_1-2048x1323.jpg 2048w\" sizes=\"(max-width: 2072px) 100vw, 2072px\" \/>Del 19 al 21 de mayo se realizar\u00e1 la edici\u00f3n 2023 de Museo Marat\u00f3n organizada por la Municipalidad de Santa Fe y el gobierno de la provincia. En estas jornadas el Colegio de M\u00e9dicos abrir\u00e1 sus puertas para que los visitantes puedan descubrir piezas, documentos y fotograf\u00edas que registran la evoluci\u00f3n de la medicina en nuestra regi\u00f3n desde el siglo XIX hasta nuestros d\u00edas. Adem\u00e1s se realizar\u00e1n charlas sobre Inteligencia Artificial y RCP, junto a espect\u00e1culos musicales.<\/p>\n<p><!--more--><\/p>\n<p>\u00a0<\/p>\n<p>\u00a0<\/p>\n<p>El fin de semana del 19, 20 y 21 de mayo el Colegio de M\u00e9dicos de Santa Fe ser\u00e1 parte de la edici\u00f3n 2023 del Museo Marat\u00f3n que organizan en conjunto la Municipalidad y el Ministerio de Cultura de la provincia.<\/p>\n<p>Museo Marat\u00f3n es una propuesta que invita a recorrer los m\u00e1s diversos espacios culturales de la ciudad, entre los que se encuentra el Museo del M\u00e9dico de Santa Fe.<\/p>\n<p>En nuestro museo los visitantes podr\u00e1n descubrir elementos de la medicina antigua y comparar la evoluci\u00f3n tecnol\u00f3gica que se ha venido produciendo a trav\u00e9s del tiempo. En las salas se encontrar\u00e1n fotos de los primeros m\u00e9dicos, hospitales y precursores de la medicina en Santa Fe. Tambi\u00e9n podr\u00e1n apreciarse diversos instrumentos de uso medicinal de distintas \u00e9pocas.<\/p>\n<p><strong>M\u00fasica y conferencias en el Museo del M\u00e9dico<\/strong><\/p>\n<p>Para esta ocasi\u00f3n el Museo de M\u00e9dico ha preparado diversas actividades para los d\u00edas viernes 19, s\u00e1bado 20 y el domingo 21 de mayo.<\/p>\n<p><strong>&#8211; Viernes 19 &#8211; Desde las 20 a las 24 horas<\/strong><\/p>\n<p>20.30 horas &#8211;\u00a0Conservatorio h\u00edbrido (presencial y Zoom). &#8220;Entramando Museos e Inteligencia Artificial&#8221;. Con la participaci\u00f3n del Dr. Miguel \u00c1ngel Nicastro, la Muse\u00f3loga Eva Guelbert, el Dr. Guillermo Kerz, y el Fil\u00f3sofo Federico Viola.<\/p>\n<p>Link al Zoom <a href=\"https:\/\/us06web.zoom.us\/j\/84117419461?pwd=T3lnSkhLWlcyZHJEZHVGdERmczJLUT09\" target=\"_blank\" rel=\"noopener noreferrer\">aqu\u00ed<\/a>:<\/p>\n<p><strong>&#8211; S\u00e1bado 20 \u2013 Desde las 18 a las 24 horas<\/strong><\/p>\n<p>20.30 y 22.30 horas &#8211; Historias en Clave de Sol. Espect\u00e1culo musical con canciones originales a cargo \u00a0del folklorista Luis Alberto Ferreira Carmel\u00e9 y el m\u00fasico Juan Manuel Serrano.<\/p>\n<p><strong>&#8211; Domingo 21 \u2013 Desde las 15 a las 20 horas<\/strong><\/p>\n<p>16. 30 y 18.30 horas &#8211; Charlamos de RCP con algo de pr\u00e1ctica. A cargo del Dr. Julio Rico.<\/p>\n<p><strong>Museo Marat\u00f3n<\/strong><\/p>\n<p>Viernes 19, s\u00e1bado 20 y domingo 21 de mayo.<\/p>\n<p>Lugar: Colegio de M\u00e9dicos &#8211; 9 de julio 2464 &#8211; Ciudad de Santa Fe.<\/p>\n<p>\u00a0<\/p>\n","protected":false},"excerpt":{"rendered":"<p>Del 19 al 21 de mayo se realizar\u00e1 la edici\u00f3n 2023 de Museo Marat\u00f3n organizada por la Municipalidad de Santa Fe y el gobierno de la provincia. En estas jornadas el Colegio de M\u00e9dicos abrir\u00e1 sus puertas para que los visitantes puedan descubrir piezas, documentos y fotograf\u00edas que registran la evoluci\u00f3n de la medicina en [&hellip;]<\/p>\n","protected":false},"author":1,"featured_media":2397,"comment_status":"open","ping_status":"open","sticky":true,"template":"","format":"standard","meta":{"_uag_custom_page_level_css":"","_jetpack_memberships_contains_paid_content":false,"footnotes":""},"categories":[6],"tags":[],"class_list":["post-3806","post","type-post","status-publish","format-standard","has-post-thumbnail","hentry","category-noticias"],"jetpack_sharing_enabled":true,"jetpack_featured_media_url":"https:\/\/colmedicosantafe1.org.ar\/wp-content\/uploads\/2016\/03\/Noche_de_los_Museos_1.jpg","uagb_featured_image_src":{"full":["https:\/\/colmedicosantafe1.org.ar\/wp-content\/uploads\/2016\/03\/Noche_de_los_Museos_1.jpg",2072,1339,false],"thumbnail":["https:\/\/colmedicosantafe1.org.ar\/wp-content\/uploads\/2016\/03\/Noche_de_los_Museos_1-150x150.jpg",150,150,true],"medium":["https:\/\/colmedicosantafe1.org.ar\/wp-content\/uploads\/2016\/03\/Noche_de_los_Museos_1-300x194.jpg",300,194,true],"medium_large":["https:\/\/colmedicosantafe1.org.ar\/wp-content\/uploads\/2016\/03\/Noche_de_los_Museos_1-768x496.jpg",768,496,true],"large":["https:\/\/colmedicosantafe1.org.ar\/wp-content\/uploads\/2016\/03\/Noche_de_los_Museos_1-1024x662.jpg",1024,662,true],"1536x1536":["https:\/\/colmedicosantafe1.org.ar\/wp-content\/uploads\/2016\/03\/Noche_de_los_Museos_1-1536x993.jpg",1536,993,true],"2048x2048":["https:\/\/colmedicosantafe1.org.ar\/wp-content\/uploads\/2016\/03\/Noche_de_los_Museos_1-2048x1323.jpg",2048,1323,true]},"uagb_author_info":{"display_name":"admin","author_link":"https:\/\/colmedicosantafe1.org.ar\/?author=1"},"uagb_comment_info":0,"uagb_excerpt":"Del 19 al 21 de mayo se realizar\u00e1 la edici\u00f3n 2023 de Museo Marat\u00f3n organizada por la Municipalidad de Santa Fe y el gobierno de la provincia. En estas jornadas el Colegio de M\u00e9dicos abrir\u00e1 sus puertas para que los visitantes puedan descubrir piezas, documentos y fotograf\u00edas que registran la evoluci\u00f3n de la medicina en&hellip;","_links":{"self":[{"href":"https:\/\/colmedicosantafe1.org.ar\/index.php?rest_route=\/wp\/v2\/posts\/3806","targetHints":{"allow":["GET"]}}],"collection":[{"href":"https:\/\/colmedicosantafe1.org.ar\/index.php?rest_route=\/wp\/v2\/posts"}],"about":[{"href":"https:\/\/colmedicosantafe1.org.ar\/index.php?rest_route=\/wp\/v2\/types\/post"}],"author":[{"embeddable":true,"href":"https:\/\/colmedicosantafe1.org.ar\/index.php?rest_route=\/wp\/v2\/users\/1"}],"replies":[{"embeddable":true,"href":"https:\/\/colmedicosantafe1.org.ar\/index.php?rest_route=%2Fwp%2Fv2%2Fcomments&post=3806"}],"version-history":[{"count":0,"href":"https:\/\/colmedicosantafe1.org.ar\/index.php?rest_route=\/wp\/v2\/posts\/3806\/revisions"}],"wp:featuredmedia":[{"embeddable":true,"href":"https:\/\/colmedicosantafe1.org.ar\/index.php?rest_route=\/wp\/v2\/media\/2397"}],"wp:attachment":[{"href":"https:\/\/colmedicosantafe1.org.ar\/index.php?rest_route=%2Fwp%2Fv2%2Fmedia&parent=3806"}],"wp:term":[{"taxonomy":"category","embeddable":true,"href":"https:\/\/colmedicosantafe1.org.ar\/index.php?rest_route=%2Fwp%2Fv2%2Fcategories&post=3806"},{"taxonomy":"post_tag","embeddable":true,"href":"https:\/\/colmedicosantafe1.org.ar\/index.php?rest_route=%2Fwp%2Fv2%2Ftags&post=3806"}],"curies":[{"name":"wp","href":"https:\/\/api.w.org\/{rel}","templated":true}]}}