{"id":3796,"date":"2023-03-29T22:03:34","date_gmt":"2023-03-30T01:03:34","guid":{"rendered":"https:\/\/cmsf.org.ar\/sitio\/?p=3796"},"modified":"2023-03-29T22:03:34","modified_gmt":"2023-03-30T01:03:34","slug":"webinario-salud-y-agua-como-actuar-mas-alla-del-diagnostico","status":"publish","type":"post","link":"https:\/\/colmedicosantafe1.org.ar\/?p=3796","title":{"rendered":"Webinario \u2013 Salud y agua: \u00bfc\u00f3mo actuar m\u00e1s all\u00e1 del diagn\u00f3stico? &#8211; 4 de abril"},"content":{"rendered":"<p><img decoding=\"async\" class=\"pull-left size-full wp-image-3788\" style=\"margin: 5px;\" src=\"https:\/\/colmedicosantafe1.org.ar\/wp-content\/uploads\/2023\/03\/agua.jpg\" width=\"200\" srcset=\"https:\/\/colmedicosantafe1.org.ar\/wp-content\/uploads\/2023\/03\/agua.jpg 474w, https:\/\/colmedicosantafe1.org.ar\/wp-content\/uploads\/2023\/03\/agua-300x186.jpg 300w\" sizes=\"(max-width: 474px) 100vw, 474px\" \/>El martes 4 de abril a las 19:30hs se realizar\u00e1 un encuentro webinario sobre el tema \u201cSalud y agua: \u00bfc\u00f3mo actuar m\u00e1s all\u00e1 del diagn\u00f3stico?\u201d. Expondr\u00e1 la docente e investigadora Mar\u00eda Alejandra Silva. La propuesta est\u00e1 orientada a m\u00e9dicos generalistas, pediatras, m\u00e9dicos laborales, personal de equipos de salud, profesionales y docentes preocupados por los temas de medioambiente. Ser\u00e1 a trav\u00e9s de la plataforma Zoom del Colegio de M\u00e9dicos de Santa Fe. Acceso libre con inscripci\u00f3n previa en la web. <strong><a href=\"https:\/\/us06web.zoom.us\/webinar\/register\/WN_9JJ2Iy_3THy1nNznIbOjRw\" target=\"_blank\" rel=\"noopener noreferrer\">Formulario de inscripci\u00f3n.<\/a><\/strong><\/p>\n<p><!--more--><\/p>\n<p><strong><a href=\"https:\/\/us06web.zoom.us\/webinar\/register\/WN_9JJ2Iy_3THy1nNznIbOjRw\" target=\"_blank\" rel=\"noopener noreferrer\">Formulario de inscripci\u00f3n.<\/a><\/strong><\/p>\n<p>\u00a0El pr\u00f3ximo martes 4 de abril a las 19:30hs se realizar\u00e1 un encuentro webinario sobre el tema \u201cSalud y agua: \u00bfc\u00f3mo actuar m\u00e1s all\u00e1 del diagn\u00f3stico?\u201d. Expondr\u00e1 la docente e investigadora Mar\u00eda Alejandra Silva.<\/p>\n<p>La propuesta est\u00e1 orientada a m\u00e9dicos generalistas, pediatras, m\u00e9dicos laborales, personal de equipos de salud, profesionales y docentes preocupados por los temas de medioambiente.<\/p>\n<p>Acceso libre con inscripci\u00f3n previa &#8211; Formulario de Inscripci\u00f3n<\/p>\n<p>El encuentro ser\u00e1 a\u00a0 trav\u00e9s de la plataforma Zoom del Colegio de M\u00e9dicos de Santa Fe.<\/p>\n<p><strong>Fundamentos<\/strong><\/p>\n<p>La falta de agua o el exceso no es tema de agenda p\u00fablica. Carecen de un lugar prioritario el acceso al agua de calidad para el consumo humano, as\u00ed como las pol\u00edticas sociales y de inversi\u00f3n para afrontar el riesgo h\u00eddrico (inundaci\u00f3n) que eviten enfermedades y mortalidad.<\/p>\n<p>Se partir\u00e1 del an\u00e1lisis desde la historia social de la medicina sobre la relaci\u00f3n agua y salud hasta la actualidad, que se suma a los estudios del agua como recurso econ\u00f3mico y como fuente del poder local o \u201chidropolitica\u201d. En suma se pretende avanzar hacia una visi\u00f3n de la construcci\u00f3n participativa de la sustentabilidad hidroambiental.<\/p>\n<p>Se busca cambiar el eje centrado en la asistencia o emergencia, hacia una visi\u00f3n social y participativa junto a vecinos, empresarios, ONG y pol\u00edticas interesadas en el tema \u201cSalud y Agua\u201d.<\/p>\n<p>Se ofrecer\u00e1n herramientas para abordar el tema desde diferentes espacios: la educaci\u00f3n para la salud, la investigaci\u00f3n, el monitoreo del \u201cObservatorio de Agua y Salud\u201d y la participaci\u00f3n con la comunidad en la b\u00fasqueda de agua potable y cloacas, as\u00ed como en la \u201ccosecha\u201d del agua mediante las cisternas.<\/p>\n<p>El fin es Educar para el cuidado del agua como forma de evitar efectos en la morbi-mortalidad preventivo en el hogar, las oficinas, las industrias, el comercio, las actividades agr\u00edcola-ganadero.<\/p>\n<p>\u00a0<\/p>\n<p><strong>Dra. Mar\u00eda Alejandra Silva<\/strong><\/p>\n<p>Lic. en Ciencia Pol\u00edtica UNR. (Rosario, Santa Fe) Especialista en Higiene y Seguridad Integral en la Empresa\/UTM Espa\u00f1a. Doctora en Ciencias Sociales. Facultad de Sociolog\u00eda. U.B.A. (Buenos Aires) Pos doctorado. Sa\u00fade do trabalhador\/Sa\u00fade Coletiva-UFBA-Brasil.<\/p>\n<p>Fue profesora en la c\u00e1tedra \u201cMedicina y Sociedad\u201d en Medicina de la UNR por veinte a\u00f1os y luego diez a\u00f1os en la Maestr\u00eda en Educaci\u00f3n de la USAL.(Bs. As.) Profesora del Pos t\u00edtulo \u201cEducaci\u00f3n para la salud\u201d. UNR.<\/p>\n<p>Ha sido cient\u00edfica del CONICET los \u00faltimos 15 a\u00f1os, realizando estudios en varias provincias y pa\u00edses, dando clases y publicando en revistas y libros en Brasil, M\u00e9xico, El Salvador (Centroam\u00e9rica) y Bolivia.<\/p>\n<p>Actualmente integra el Rotary Club Internacional Palermo New y el Comit\u00e9 de Medioambiente CD 4895 (es una asociaci\u00f3n sin fines de lucro, con un rol de servicio social)<\/p>\n<p>\u00a0<\/p>\n<p><strong>Informaci\u00f3n<\/strong><\/p>\n<p>Colegio M\u00e9dico de Santa Fe 1ra. Circunscripci\u00f3n:<\/p>\n<p>9 de Julio 2464 (3000 &#8211; Santa Fe)<\/p>\n<p>Tel\u00e9fono (0342) 4520176 interno 7<\/p>\n<p>Correo: marianam@cmsf.org.ar<\/p>\n<p>\u00a0<\/p>\n<p>Formulario Inscripci\u00f3n<\/p>\n","protected":false},"excerpt":{"rendered":"<p>El martes 4 de abril a las 19:30hs se realizar\u00e1 un encuentro webinario sobre el tema \u201cSalud y agua: \u00bfc\u00f3mo actuar m\u00e1s all\u00e1 del diagn\u00f3stico?\u201d. Expondr\u00e1 la docente e investigadora Mar\u00eda Alejandra Silva. La propuesta est\u00e1 orientada a m\u00e9dicos generalistas, pediatras, m\u00e9dicos laborales, personal de equipos de salud, profesionales y docentes preocupados por los temas [&hellip;]<\/p>\n","protected":false},"author":1,"featured_media":3788,"comment_status":"open","ping_status":"open","sticky":true,"template":"","format":"standard","meta":{"_uag_custom_page_level_css":"","_jetpack_memberships_contains_paid_content":false,"footnotes":""},"categories":[6],"tags":[],"class_list":["post-3796","post","type-post","status-publish","format-standard","has-post-thumbnail","hentry","category-noticias"],"jetpack_sharing_enabled":true,"jetpack_featured_media_url":"https:\/\/colmedicosantafe1.org.ar\/wp-content\/uploads\/2023\/03\/agua.jpg","uagb_featured_image_src":{"full":["https:\/\/colmedicosantafe1.org.ar\/wp-content\/uploads\/2023\/03\/agua.jpg",474,294,false],"thumbnail":["https:\/\/colmedicosantafe1.org.ar\/wp-content\/uploads\/2023\/03\/agua-150x150.jpg",150,150,true],"medium":["https:\/\/colmedicosantafe1.org.ar\/wp-content\/uploads\/2023\/03\/agua-300x186.jpg",300,186,true],"medium_large":["https:\/\/colmedicosantafe1.org.ar\/wp-content\/uploads\/2023\/03\/agua.jpg",474,294,false],"large":["https:\/\/colmedicosantafe1.org.ar\/wp-content\/uploads\/2023\/03\/agua.jpg",474,294,false],"1536x1536":["https:\/\/colmedicosantafe1.org.ar\/wp-content\/uploads\/2023\/03\/agua.jpg",474,294,false],"2048x2048":["https:\/\/colmedicosantafe1.org.ar\/wp-content\/uploads\/2023\/03\/agua.jpg",474,294,false]},"uagb_author_info":{"display_name":"admin","author_link":"https:\/\/colmedicosantafe1.org.ar\/?author=1"},"uagb_comment_info":0,"uagb_excerpt":"El martes 4 de abril a las 19:30hs se realizar\u00e1 un encuentro webinario sobre el tema \u201cSalud y agua: \u00bfc\u00f3mo actuar m\u00e1s all\u00e1 del diagn\u00f3stico?\u201d. Expondr\u00e1 la docente e investigadora Mar\u00eda Alejandra Silva. La propuesta est\u00e1 orientada a m\u00e9dicos generalistas, pediatras, m\u00e9dicos laborales, personal de equipos de salud, profesionales y docentes preocupados por los temas&hellip;","_links":{"self":[{"href":"https:\/\/colmedicosantafe1.org.ar\/index.php?rest_route=\/wp\/v2\/posts\/3796","targetHints":{"allow":["GET"]}}],"collection":[{"href":"https:\/\/colmedicosantafe1.org.ar\/index.php?rest_route=\/wp\/v2\/posts"}],"about":[{"href":"https:\/\/colmedicosantafe1.org.ar\/index.php?rest_route=\/wp\/v2\/types\/post"}],"author":[{"embeddable":true,"href":"https:\/\/colmedicosantafe1.org.ar\/index.php?rest_route=\/wp\/v2\/users\/1"}],"replies":[{"embeddable":true,"href":"https:\/\/colmedicosantafe1.org.ar\/index.php?rest_route=%2Fwp%2Fv2%2Fcomments&post=3796"}],"version-history":[{"count":0,"href":"https:\/\/colmedicosantafe1.org.ar\/index.php?rest_route=\/wp\/v2\/posts\/3796\/revisions"}],"wp:featuredmedia":[{"embeddable":true,"href":"https:\/\/colmedicosantafe1.org.ar\/index.php?rest_route=\/wp\/v2\/media\/3788"}],"wp:attachment":[{"href":"https:\/\/colmedicosantafe1.org.ar\/index.php?rest_route=%2Fwp%2Fv2%2Fmedia&parent=3796"}],"wp:term":[{"taxonomy":"category","embeddable":true,"href":"https:\/\/colmedicosantafe1.org.ar\/index.php?rest_route=%2Fwp%2Fv2%2Fcategories&post=3796"},{"taxonomy":"post_tag","embeddable":true,"href":"https:\/\/colmedicosantafe1.org.ar\/index.php?rest_route=%2Fwp%2Fv2%2Ftags&post=3796"}],"curies":[{"name":"wp","href":"https:\/\/api.w.org\/{rel}","templated":true}]}}