{"id":3793,"date":"2023-03-26T21:07:32","date_gmt":"2023-03-27T00:07:32","guid":{"rendered":"https:\/\/cmsf.org.ar\/sitio\/?p=3793"},"modified":"2023-03-26T21:07:32","modified_gmt":"2023-03-27T00:07:32","slug":"curso-medico-de-actualizacion-en-emergencia-2023-15-de-abril","status":"publish","type":"post","link":"https:\/\/colmedicosantafe1.org.ar\/?p=3793","title":{"rendered":"Curso M\u00e9dico de Actualizaci\u00f3n en Emergencia 2023 \u2013 15 de abril"},"content":{"rendered":"<p><span style=\"color: #333333;\"><img decoding=\"async\" class=\"pull-left size-full wp-image-2370\" style=\"margin: 5px;\" src=\"https:\/\/colmedicosantafe1.org.ar\/wp-content\/uploads\/2016\/05\/Ambulancia_107.jpg\" width=\"200\" srcset=\"https:\/\/colmedicosantafe1.org.ar\/wp-content\/uploads\/2016\/05\/Ambulancia_107.jpg 400w, https:\/\/colmedicosantafe1.org.ar\/wp-content\/uploads\/2016\/05\/Ambulancia_107-300x200.jpg 300w\" sizes=\"(max-width: 400px) 100vw, 400px\" \/>Se encuentra abierta la inscripci\u00f3n para el Curso M\u00e9dico de Actualizaci\u00f3n en Emergencia 2023 organizado por el Colegio de M\u00e9dicos de Santa Fe. Las clases comienzan el s\u00e1bado 15 de abril y se dictar\u00e1n en modalidad presencial en la sede de nuestra instituci\u00f3n. Otorga puntaje para recertificaci\u00f3n con evaluaci\u00f3n aprobada. Arancelado. <a href=\"https:\/\/forms.gle\/uG5reJYPU7JyY4P5A\" target=\"_blank\" rel=\"noopener noreferrer\">Formulario de inscripci\u00f3n.<\/a><br \/><\/span><\/p>\n<p><!--more--><\/p>\n<p>\u00a0<\/p>\n<p>El s\u00e1bado 15 de abril comienza una nueva edici\u00f3n del Curso M\u00e9dico de Actualizaci\u00f3n en Emergencia 2023 destinado a estudiantes del \u00faltimo a\u00f1o de Medicina, m\u00e9dicos que desean actualizar sus conocimientos o conocer el manejo de las emergencias en la guardia.<br \/>La inscripci\u00f3n se realiza a trav\u00e9s de la web completando el siguiente formulario.<br \/><a href=\"https:\/\/forms.gle\/uG5reJYPU7JyY4P5A\" target=\"_blank\" rel=\"noopener noreferrer\">FORMULARIO DE INSCRIPCI\u00d3N<\/a><br \/>Este curso es arancelado y se incluye material de estudio y diploma.<br \/>El programa consta de dieciocho (18) m\u00f3dulos tem\u00e1ticos, con una carga horaria de 180 horas, que se desarrollar\u00e1n bajo la direcci\u00f3n de los m\u00e9dicos Julio Rico y Arturo Serrano.<br \/>El curso aprobado otorga puntaje para recertificaci\u00f3n.<br \/>La evaluaci\u00f3n final se llevar\u00e1 a cabo entre el 20 y 30 de noviembre de 2023, a trav\u00e9s de la plataforma Moodle de nuestra instituci\u00f3n.<\/p>\n<p><strong>Programa general<\/strong><\/p>\n<p><strong>MODULO 1 \u2013 S\u00e1bado 15 de abril de 2023.<\/strong><br \/>8:00 a 10:30 horas &#8211; Urgencias otorrinolaringol\u00f3gicas.<br \/>10:30 a 11:00 horas \u2013 Descanso.<br \/>11:00 a 13.00 horas &#8211; Urgencias gastroenterol\u00f3gicas.<\/p>\n<p><strong>MODULO 2 &#8211; S\u00e1bado 22 de abril de 2023.<\/strong><br \/>8:00 a 10:30 horas &#8211; Manejo de heridas.<br \/>10:30 a 11:00 horas \u2013 Descanso.<br \/>11:00 a 13:00 horas &#8211; Urgencias oftalmol\u00f3gicas.<\/p>\n<p><strong>MODULO 3 &#8211; S\u00e1bado 13 de mayo de 2023.<\/strong><br \/>8:00 a 10:30 horas &#8211; Neurologia en la guardia &#8211; Alteraci\u00f3n del sensorio &#8211; Convulsiones \u2013 Mareos y v\u00e9rtigo &#8211; Cefalea \u2013 ACV.<br \/>10:30 a 11:00 horas \u2013 Descanso.<br \/>11:00 a 13:00 horas &#8211; Infecciones: conducta en la guardia.<\/p>\n<p><strong>MODULO 4 &#8211; S\u00e1bado 3 de junio de 2023.<\/strong><br \/>8:00 a 9:30 horas &#8211; CUDAIO. Donaci\u00f3n y trasplante de \u00d3rganos y Tejidos.<br \/>9:30 a 10:00 horas &#8211; Como dar malas Noticias.<br \/>10:30 a 11:00 horas \u2013 Descanso.<br \/>11:00 a 13:00 horas &#8211; Certificados m\u00e9dicos y de defunci\u00f3n.<\/p>\n<p><strong>MODULO 5 &#8211; D\u00eda: s\u00e1bado 10 de junio de 2023.<\/strong><br \/>8:00 a 11:00 horas &#8211;\u00a0 Trauma pre hospitalario &#8211; Manejo de la v\u00eda a\u00e9rea \u2013 Venoclisis \u2013 Dolor &#8211; T\u00e9cnicas de inmovilizaci\u00f3n &#8211; Resucitaci\u00f3n cardiopulmonar &#8211; Shock en la guardia.<br \/>11:00 a 11:30 horas \u2013 Descanso.<br \/>11.30 a 13.00 horas &#8211; Intoxicaciones en Pediatr\u00eda. La Humanizaci\u00f3n en las Urgencias M\u00e9dicas.<\/p>\n<p><strong>MODULO 6 &#8211; S\u00e1bado 1 de julio de 2023.<\/strong><br \/>08:00 a 10:30 horas &#8211; Traumatismos en la guardia.<br \/>10:30 a 11:00 horas \u2013 Descanso.<br \/>11:00 a 13:00 horas &#8211; Urgencias psiqui\u00e1tricas &#8211; Brote psic\u00f3tico &#8211; Alucinaciones \u2013 Delirios &#8211; Trastornos de ansiedad \u2013 Suicidio &#8211; Urgencias: el paciente intoxicado en la guardia.<\/p>\n<p><strong>MODULO 7 &#8211; S\u00e1bado 8 de julio de 2023.<\/strong><br \/>8:00 a 10:00 horas &#8211; Toxicolog\u00eda &#8211; Ofidismo &#8211; Alacranismo.<br \/>10:00 a 10:30 horas \u2013 Descanso.<br \/>10:30 a 13.00 horas &#8211; Dolor tor\u00e1cico agudo &#8211; Traumatismo de t\u00f3rax.<\/p>\n<p><strong>MODULO 8 &#8211; S\u00e1bado 5 de agosto de 2023.<\/strong><br \/>8:00 a 10:30 horas &#8211; Guardia y cat\u00e1strofes. Traslado de pacientes.<br \/>Incidente de victimas m\u00faltiples. Aspectos t\u00e9cnico-legales.<br \/>Disertante: Dr. Arturo Serrano.<br \/>10:30 a 11:00 horas \u2013 Descanso.<br \/>11:00 a 12.30 horas &#8211; Triage.<br \/>Disertante: Dr. Arturo Serrano.<br \/>13.30 a 18.00 horas &#8211; Simulacro accidente en la v\u00eda publica (Parque Garay). Parte pr\u00e1ctica<br \/>14.00 a 16.00 horas &#8211; Talleres simult\u00e1neos de: RCP \u2013 Extricaci\u00f3n \u2013 Enferulizaci\u00f3n \u2013 Empaquetamiento &#8211; Extinci\u00f3n de incendio.<br \/>Duraci\u00f3n de cada taller: 20 minutos.<br \/>16.00 a 18.00 horas. Simulaci\u00f3n de accidentes en la v\u00eda p\u00fablica, (choque de dos v\u00edctimas, otro de tres v\u00edctimas y un incidente de v\u00edctimas m\u00faltiples, con sectorizaci\u00f3n Triage y traslados en ambulancias a centro mayor complejidad). Participa profesor de teatro Federico Ocampo.<\/p>\n<p><strong>MODULO 9 &#8211;\u00a0 D\u00eda: viernes 11 de agosto de 2023.<\/strong><br \/>20:00 a 22:00 hs.: RESPONSABILIDAD PROFESIONAL M\u00c9DICA. Disertante: Dr. Carlos Alico \u2013 Abogado Dr. Luis De Pro.<\/p>\n<p><strong>MODULO 10 &#8211; S\u00e1bado 12 de agosto de 2023.<\/strong><br \/>8:00 a 10.30 hs.: URGENCIA ENDOCRINOLOGICA.<br \/>10:30 a 11:00 horas &#8211; Descanso<br \/>11:00 a 13:00 hs: Certificados M\u00e9dicos y de Defunci\u00f3n.<\/p>\n<p><strong>MODULO 11 &#8211; D\u00eda: Viernes 8 de septiembre de 2023.<\/strong><br \/>20:00 a 22:00 hs. Medicina Legal. Disertante Dr. Leonardo Waron. Dr. Carlos Alico. Abogado Dr. Luis De Pro. Dr. Sebasti\u00e1n Amut.<\/p>\n<p><strong>MODULO 12 &#8211; S\u00e1bado 9 de septiembre de 2023.<\/strong><br \/>8:00 a 14.00 horas &#8211; Talleres pr\u00e1cticos de suturas: Diferentes t\u00e9cnicas. Repaso te\u00f3rico pr\u00e1ctico. Traumatolog\u00eda: Vendajes, f\u00e9rulas y yesos.<br \/>Comunicaci\u00f3n cr\u00edtica: \u00bfC\u00f3mo comunico?<br \/>Actividad dividida en 3 grupos.<br \/>A cada asistente se le entregar\u00e1 en una bolsa, con un par de guantes, cofia y bata.<\/p>\n<p><strong>MODULO 13 &#8211; D\u00eda: s\u00e1bado 16 de septiembre de 2023.<\/strong><br \/>8:00 a 10:00 hs.: PROBLEMAS EN PEDIATR\u00cdA EN LA GUARDIA.<br \/>10:00. a 10:30 hs.: Descanso.<br \/>10:30 a 13:00 hs:.\u00a0 IAM. ECG EN LA GUARDIA. ARRITMIAS \u2013 ANEURISMA AORTICO. URGENCIAS CARDIOLOGICAS. RCP.<\/p>\n<p><strong>MODULO 14 &#8211; Viernes 6 de octubre de 2023.<br \/><\/strong>20:00 a 22:00 hs.: RESPONSABILIDAD PROFESIONAL M\u00c9DICA. Disertante: Dr. Leonardo Waron.<\/p>\n<p><strong>MODULO 15 &#8211; S\u00e1bado 7 de octubre de 2023.<\/strong><br \/>8:00 a 10:00 horas &#8211; Urgencias en la mujer &#8211; Ginecorragia en no embarazadas \u2013 Sangrado en el embarazo &#8211; Ect\u00f3pico &#8211; Aborto s\u00e9ptico \u2013 Eclampsia \u2013Parto.<br \/>10:30 a 11:00 horas \u2013 Descanso.<br \/>11:00 a 12.00 horas &#8211; traumatismo de cr\u00e1neo.<\/p>\n<p><strong>MODULO 16 &#8211; Jueves 19 de octubre de 2023.<\/strong><br \/>19:30 a 21:30 horas &#8211; Conferencia de Epidemiolog\u00eda.<\/p>\n<p><strong>MODULO 17- S\u00e1bado 21 de octubre de 2023.<\/strong><br \/>8:00 a 10:00 horas &#8211; Maltrato infantil y violencia de g\u00e9nero. Violencia social en la guardia.<br \/>10:00 a 10:15 horas \u2013 Refrigerio.<br \/>10:30 a 12:30: M\u00e9dico Legales.Disertantes: Dr. Luis De Pro y Dr. Carlos Alico.<\/p>\n<p><strong>MODULO 18 &#8211; S\u00e1bado 4 de noviembre de 2023.<\/strong><br \/>8:00 a 10:00 horas &#8211; Abdomen agudo m\u00e9dico y quir\u00fargico.<br \/>10:00 a 10:15 horas \u2013 Refrigerio.<br \/>10:00 a 13:00 horas &#8211; Traslados en ambulancia.<\/p>\n<p><strong>MODULO 19 &#8211; S\u00e1bado 11 de noviembre de 2023.<\/strong><br \/>8:00 a 09:00 horas &#8211; M\u00e9dico Legales.<br \/>9:00 A 10:00 horas &#8211; Maltrato infantil y Violencia de g\u00e9nero.<br \/>10:00 a 10:15 horas \u2013 Refrigerio.<br \/>10:15 a 12:00 hs. Disertaci\u00f3n a confirmar<\/p>\n<p><strong>Informaci\u00f3n<\/strong><br \/>Colegio M\u00e9dico de Santa Fe 1ra. Circunscripci\u00f3n:<br \/>9 de Julio 2464 (3000 &#8211; Santa Fe)<br \/>Tel: (0342) 4520176 interno 7<br \/>Correo: marianam@cmsf.org.ar<\/p>\n","protected":false},"excerpt":{"rendered":"<p>Se encuentra abierta la inscripci\u00f3n para el Curso M\u00e9dico de Actualizaci\u00f3n en Emergencia 2023 organizado por el Colegio de M\u00e9dicos de Santa Fe. Las clases comienzan el s\u00e1bado 15 de abril y se dictar\u00e1n en modalidad presencial en la sede de nuestra instituci\u00f3n. Otorga puntaje para recertificaci\u00f3n con evaluaci\u00f3n aprobada. Arancelado. Formulario de inscripci\u00f3n.<\/p>\n","protected":false},"author":1,"featured_media":2370,"comment_status":"open","ping_status":"open","sticky":true,"template":"","format":"standard","meta":{"_uag_custom_page_level_css":"","_jetpack_memberships_contains_paid_content":false,"footnotes":""},"categories":[30],"tags":[],"class_list":["post-3793","post","type-post","status-publish","format-standard","has-post-thumbnail","hentry","category-cursos"],"jetpack_sharing_enabled":true,"jetpack_featured_media_url":"https:\/\/colmedicosantafe1.org.ar\/wp-content\/uploads\/2016\/05\/Ambulancia_107.jpg","uagb_featured_image_src":{"full":["https:\/\/colmedicosantafe1.org.ar\/wp-content\/uploads\/2016\/05\/Ambulancia_107.jpg",400,267,false],"thumbnail":["https:\/\/colmedicosantafe1.org.ar\/wp-content\/uploads\/2016\/05\/Ambulancia_107-150x150.jpg",150,150,true],"medium":["https:\/\/colmedicosantafe1.org.ar\/wp-content\/uploads\/2016\/05\/Ambulancia_107-300x200.jpg",300,200,true],"medium_large":["https:\/\/colmedicosantafe1.org.ar\/wp-content\/uploads\/2016\/05\/Ambulancia_107.jpg",400,267,false],"large":["https:\/\/colmedicosantafe1.org.ar\/wp-content\/uploads\/2016\/05\/Ambulancia_107.jpg",400,267,false],"1536x1536":["https:\/\/colmedicosantafe1.org.ar\/wp-content\/uploads\/2016\/05\/Ambulancia_107.jpg",400,267,false],"2048x2048":["https:\/\/colmedicosantafe1.org.ar\/wp-content\/uploads\/2016\/05\/Ambulancia_107.jpg",400,267,false]},"uagb_author_info":{"display_name":"admin","author_link":"https:\/\/colmedicosantafe1.org.ar\/?author=1"},"uagb_comment_info":0,"uagb_excerpt":"Se encuentra abierta la inscripci\u00f3n para el Curso M\u00e9dico de Actualizaci\u00f3n en Emergencia 2023 organizado por el Colegio de M\u00e9dicos de Santa Fe. Las clases comienzan el s\u00e1bado 15 de abril y se dictar\u00e1n en modalidad presencial en la sede de nuestra instituci\u00f3n. Otorga puntaje para recertificaci\u00f3n con evaluaci\u00f3n aprobada. Arancelado. Formulario de inscripci\u00f3n.","_links":{"self":[{"href":"https:\/\/colmedicosantafe1.org.ar\/index.php?rest_route=\/wp\/v2\/posts\/3793","targetHints":{"allow":["GET"]}}],"collection":[{"href":"https:\/\/colmedicosantafe1.org.ar\/index.php?rest_route=\/wp\/v2\/posts"}],"about":[{"href":"https:\/\/colmedicosantafe1.org.ar\/index.php?rest_route=\/wp\/v2\/types\/post"}],"author":[{"embeddable":true,"href":"https:\/\/colmedicosantafe1.org.ar\/index.php?rest_route=\/wp\/v2\/users\/1"}],"replies":[{"embeddable":true,"href":"https:\/\/colmedicosantafe1.org.ar\/index.php?rest_route=%2Fwp%2Fv2%2Fcomments&post=3793"}],"version-history":[{"count":0,"href":"https:\/\/colmedicosantafe1.org.ar\/index.php?rest_route=\/wp\/v2\/posts\/3793\/revisions"}],"wp:featuredmedia":[{"embeddable":true,"href":"https:\/\/colmedicosantafe1.org.ar\/index.php?rest_route=\/wp\/v2\/media\/2370"}],"wp:attachment":[{"href":"https:\/\/colmedicosantafe1.org.ar\/index.php?rest_route=%2Fwp%2Fv2%2Fmedia&parent=3793"}],"wp:term":[{"taxonomy":"category","embeddable":true,"href":"https:\/\/colmedicosantafe1.org.ar\/index.php?rest_route=%2Fwp%2Fv2%2Fcategories&post=3793"},{"taxonomy":"post_tag","embeddable":true,"href":"https:\/\/colmedicosantafe1.org.ar\/index.php?rest_route=%2Fwp%2Fv2%2Ftags&post=3793"}],"curies":[{"name":"wp","href":"https:\/\/api.w.org\/{rel}","templated":true}]}}