{"id":3791,"date":"2023-03-18T23:59:52","date_gmt":"2023-03-19T02:59:52","guid":{"rendered":"https:\/\/cmsf.org.ar\/sitio\/?p=3791"},"modified":"2023-03-18T23:59:52","modified_gmt":"2023-03-19T02:59:52","slug":"curso-teorico-practico-sobre-via-aerea-en-la-emergencia-2-de-mayo","status":"publish","type":"post","link":"https:\/\/colmedicosantafe1.org.ar\/?p=3791","title":{"rendered":"Curso te\u00f3rico-pr\u00e1ctico sobre v\u00eda a\u00e9rea en la emergencia &#8211; 19 y 20 de mayo"},"content":{"rendered":"<p><img decoding=\"async\" class=\"pull-left size-full wp-image-3790\" style=\"margin: 5px;\" src=\"https:\/\/colmedicosantafe1.org.ar\/wp-content\/uploads\/2023\/03\/Curso-Va-Area-Emergencia-scaled.jpg\" width=\"200\" srcset=\"https:\/\/colmedicosantafe1.org.ar\/wp-content\/uploads\/2023\/03\/Curso-Va-Area-Emergencia-scaled.jpg 2560w, https:\/\/colmedicosantafe1.org.ar\/wp-content\/uploads\/2023\/03\/Curso-Va-Area-Emergencia-300x200.jpg 300w, https:\/\/colmedicosantafe1.org.ar\/wp-content\/uploads\/2023\/03\/Curso-Va-Area-Emergencia-1024x684.jpg 1024w, https:\/\/colmedicosantafe1.org.ar\/wp-content\/uploads\/2023\/03\/Curso-Va-Area-Emergencia-768x513.jpg 768w, https:\/\/colmedicosantafe1.org.ar\/wp-content\/uploads\/2023\/03\/Curso-Va-Area-Emergencia-1536x1025.jpg 1536w, https:\/\/colmedicosantafe1.org.ar\/wp-content\/uploads\/2023\/03\/Curso-Va-Area-Emergencia-2048x1367.jpg 2048w\" sizes=\"(max-width: 2560px) 100vw, 2560px\" \/>Hasta el 12 de mayo se encuentra abierta la inscripci\u00f3n al curso de posgrado te\u00f3rico-pr\u00e1ctico sobre \u201cv\u00eda a\u00e9rea en la emergencia\u201d dirigido por el Dr. Horacio Locatelli. La modalidad de dictado ser\u00e1 virtual para la teor\u00eda y presencial para la pr\u00e1ctica. Arancelado. Otorga puntaje para recertificaci\u00f3n. <br \/><span style=\"color: #444444; font-family: arial, sans-serif; font-size: 12.8013px; font-style: normal; font-variant-ligatures: normal; font-variant-caps: normal; font-weight: 400; letter-spacing: normal; orphans: 2; text-align: left; text-indent: 0px; text-transform: none; white-space: normal; widows: 2; word-spacing: 0px; -webkit-text-stroke-width: 0px; background-color: #ffffff; text-decoration-thickness: initial; text-decoration-style: initial; text-decoration-color: initial; display: inline !important; float: none;\">Inscripci\u00f3n a la pr\u00e1ctica:<\/span><br \/><span style=\"font-size: 12.8013px;\"><strong><span style=\"color: #444444; font-family: arial, sans-serif; font-style: normal; font-variant-ligatures: normal; font-variant-caps: normal; letter-spacing: normal; text-align: left; text-indent: 0px; text-transform: none; white-space: normal; word-spacing: 0px; -webkit-text-stroke-width: 0px; background-color: #ffffff; text-decoration-thickness: initial; text-decoration-style: initial; text-decoration-color: initial; display: inline !important; float: none;\">SOLO INSCRIBIRSE A UNA OPCI\u00d3N<\/span><\/strong><\/span><br \/><span style=\"color: #444444; font-family: arial, sans-serif; font-size: 12.8013px; font-style: normal; font-variant-ligatures: normal; font-variant-caps: normal; font-weight: 400; letter-spacing: normal; orphans: 2; text-align: left; text-indent: 0px; text-transform: none; white-space: normal; widows: 2; word-spacing: 0px; -webkit-text-stroke-width: 0px; background-color: #ffffff; text-decoration-thickness: initial; text-decoration-style: initial; text-decoration-color: initial; display: inline !important; float: none;\">Opci\u00f3n 1: <a href=\"https:\/\/forms.gle\/KBunPEUoa1eCS26k7\" target=\"_blank\" rel=\"noopener noreferrer\">Viernes 19 de Mayo<\/a><\/span><br \/> <span style=\"color: #444444; font-family: arial, sans-serif; font-size: 12.8013px; font-style: normal; font-variant-ligatures: normal; font-variant-caps: normal; font-weight: 400; letter-spacing: normal; orphans: 2; text-align: left; text-indent: 0px; text-transform: none; white-space: normal; widows: 2; word-spacing: 0px; -webkit-text-stroke-width: 0px; background-color: #ffffff; text-decoration-thickness: initial; text-decoration-style: initial; text-decoration-color: initial; display: inline !important; float: none;\">Opci\u00f3n 2: <a href=\"https:\/\/forms.gle\/NDV8aCjg4awj3mKMA\" target=\"_blank\" rel=\"noopener noreferrer\">S\u00e1bado 20 de Mayo<\/a><\/span><\/p>\n<p><!--more--><\/p>\n<p>\u00a0<\/p>\n<p>\u00a0<\/p>\n<p>\u00a0<\/p>\n<p>El curso de posgrado te\u00f3rico-pr\u00e1ctico sobre \u201cv\u00eda a\u00e9rea en la emergencia\u201d tiene como destinatarios m\u00e9dicos y m\u00e9dicas que se encuentren desarrollando tareas en servicios de urgencias y emergencias a nivel hospitalario, SAMCOS y servicios pre hospitalarios. Personal de enfermer\u00eda que haya realizado cursos de emergencias y egresados de la Tecnicatura Universitaria de Emergencia Rescate y Trauma.<\/p>\n<p>La direcci\u00f3n del curso estar\u00e1 a cargo del profesor asociado de Emergentolog\u00eda Dr. Horacio Locatelli junto a un cuerpo docente integrado por el Dr. Santiago Walther, el Dr. Emilio Scarinci, la Dra. Bel\u00e9n Barbieri, la Dra. Noelia Herrera, y el T\u00e9cnico Luciano Gandini.<\/p>\n<p>El manejo de la v\u00eda a\u00e9rea, se entiende como la realizaci\u00f3n de maniobras y la utilizaci\u00f3n de dispositivos que permitan la llegada de ox\u00edgeno a los alv\u00e9olos permitiendo una ventilaci\u00f3n adecuada y segura a pacientes que lo necesiten. En la mayor\u00eda de la literatura el tema es abordado por anestesi\u00f3logos o intensivistas muy experimentados, que trabajan en ambientes muy seguros (quir\u00f3fano) donde existen otros profesionales con igual capacitaci\u00f3n, y con pacientes que en su gran mayor\u00eda no presentan alteraciones fisiopatol\u00f3gicas.<\/p>\n<p>En cambio, para el presente curso se ha preparado un abordaje a partir de la experiencia de los integrantes del equipo de salud que trabajan en emergencias. El 5% de las consultas presentan riesgos de vida reales y dentro de esas situaciones el manejo seguro de la v\u00eda a\u00e9rea es una de las tareas m\u00e1s desafiantes y complejas del equipo de salud en los servicios de emergencias.<\/p>\n<p>El inicio curso ser\u00e1 de manera online para el desarrollo de los temas te\u00f3ricos a trav\u00e9s de la plataforma Moodle del Colegio de M\u00e9dicos de Santa Fe.<\/p>\n<p>La inscripci\u00f3n se mantendr\u00e1 abierta hasta el 12 de mayo inclusive. Cumplido este plazo se tendr\u00e1 acceso al material te\u00f3rico de lectura obligatoria para el tramo de talleres.<\/p>\n<p>En tanto, el viernes 19 de mayo o s\u00e1bado 20 de mayo (seg\u00fan comisi\u00f3n asignada) se desarrollaran las clases pr\u00e1cticas.<\/p>\n<p>Este curso es arancelado y tiene un cupo de 40 participantes.<\/p>\n<p>\u00a0<\/p>\n<p><strong>Objetivos<\/strong><\/p>\n<p>&#8211; Generar competencias en el recurso humano de los servicios de emergencias prehospitalarios e intrahospitalarios para una adecuada oxigenaci\u00f3n en el paciente cr\u00edtico en base a una correcta gesti\u00f3n de la v\u00eda a\u00e9rea.<\/p>\n<p>&#8211; Desarrollar estrategias y procedimientos para el manejo seguro de la v\u00eda a\u00e9rea en la emergencia en las diferentes situaciones y en los ambientes donde se debe actuar<\/p>\n<p>&#8211; Conocer la preparaci\u00f3n, posicionamiento del operador y del paciente, medicaci\u00f3n necesaria, justificaci\u00f3n del material a utilizar a\u00fan en lugares de baja complejidad.<\/p>\n<p>&#8211; Reconocer la importancia de los factores humanos en el manejo de la v\u00eda a\u00e9rea.<\/p>\n<p>&#8211; Contribuir a la gesti\u00f3n de los Servicios de Emergencias para lograr una mayor eficacia y eficiencia de los mismos.<\/p>\n<p>&#8211; Estimular el entrenamiento espec\u00edfico, interdisciplinario e interprofesional ya que deben interpretar correctamente las m\u00faltiples y posibles acciones a realizar en los diferentes escenarios y situaciones.<\/p>\n<p>\u00a0<\/p>\n<p><strong>Metodolog\u00eda pedag\u00f3gica<\/strong><\/p>\n<p>Esta propuesta cuenta con modalidades especificas divididas en tres \u00e1reas: Cognitivas, Procedimentales, y Habilidades no t\u00e9cnicas. Utiliz\u00e1ndose la Simulaci\u00f3n como t\u00e9cnica pedag\u00f3gica. Para que sea m\u00e1s din\u00e1mico utilizaremos el procedimiento de Simulaci\u00f3n conocido como \u201cSimZones\u201d.Zona 0. Espacio virtual: documento de estudio, video formaci\u00f3n, en domicilio. Es importante para el desarrollo y aprovechamiento del curso que los participantes lean la bibliograf\u00eda enviada.<\/p>\n<p>Zona 1. Desarrollo de destrezas cl\u00ednicas. En los primeros talleres presenciales, los alumnos entrenar\u00e1n destrezas b\u00e1sicas. En la segunda tanda de talleres se entrenar\u00e1n destrezas avanzadas. Utiliz\u00e1ndose la Pr\u00e1ctica Deliberada como recurso pedag\u00f3gico. Para ello utilizaran maniqu\u00edes o cabezas, recursos org\u00e1nicos no vivos.<\/p>\n<p>Zona 2. Escenarios con deterioro del paciente. En estos talleres los participantes trabajar\u00e1n sobre casos. Realizar\u00e1n los escenarios en un entorno simulado, donde el paciente se ir\u00e1 deteriorando de forma progresiva. El instructor realizar\u00e1 un an\u00e1lisis o debriefing posterior a la simulaci\u00f3n con los participantes de cada caso en conjunto.<\/p>\n<p>Zona 3. Se trabajar\u00e1 aspectos fundamentales del CRM (Crisis Resource Managment) como es la comunicaci\u00f3n, liderazgo, gesti\u00f3n de ayuda, evaluaci\u00f3n global, etc. Posteriormente, tras cada caso, el facilitador y los participantes realizar\u00e1n un an\u00e1lisis del caso, viendo los aspectos que han ido bien, los puntos a mejorar.<\/p>\n<p>\u00a0<\/p>\n<p><strong>Temas te\u00f3ricos<\/strong><\/p>\n<p>Se desarrollar\u00e1n a trav\u00e9s de la Plataforma del Colegio de M\u00e9dicos de Santa Fe. Se realizar\u00e1n Foros de Consultas con los docentes del Curso en horario a convenir. Las preguntas que se realicen en el Foro se contestar\u00e1n una vez por semana.<\/p>\n<p>Una vez inscripto, el participante recibir\u00e1 acceso a la plataforma Moodle del Colegio donde encontrar\u00e1 informaci\u00f3n del curso. Durante 4 semanas consecutivas, podr\u00e1 acceder a los te\u00f3ricos y verlos todas las veces que desee, como as\u00ed tambi\u00e9n acceso a la Bibliograf\u00eda. Todas las semanas habr\u00e1 un d\u00eda y una hora a convenir entre las partes para hacer conversaci\u00f3n virtual sobre los temas que se tengan dudas y antes de concurrir al taller integrador deber\u00e1n responder a un cuestionario sobre los temas brindados con un 70% de efectividad (para concurrir a los Talleres).<\/p>\n<p><strong>Temario<\/strong><\/p>\n<ol>\n<li>Anatom\u00eda Funcional Aplicada. Posicionamiento del Paciente, nuevos conceptos. Anatom\u00eda. Ergonom\u00eda.<\/li>\n<li>Gesti\u00f3n de la V\u00eda A\u00e9rea.<\/li>\n<li>Preparaci\u00f3n y Organizaci\u00f3n del Material. Reconocimiento del mismo. F\u00e1rmacos utilizados en V\u00eda A\u00e9rea. Check List.<\/li>\n<li>Maniobras manuales, posici\u00f3n, apertura, aspiraci\u00f3n. Dispositivos oro y nasofar\u00edngeos.<\/li>\n<li>Oxigenaci\u00f3n y ventilaci\u00f3n. T\u00e9cnicas y dispositivos.<\/li>\n<li>Dispositivos supragl\u00f3ticos y retrogl\u00f3ticos.<\/li>\n<li>IOT.<\/li>\n<li>FONA.<\/li>\n<li>Ventilaci\u00f3n. Predictores de dificultad de v\u00eda a\u00e9rea. Concepto de v\u00eda a\u00e9rea dif\u00edcil. Conceptos de: Laringoscop\u00eda dif\u00edcil, Ventilaci\u00f3n dif\u00edcil. Paciente no intubable no ventilable.<\/li>\n<li>Indicaciones de V\u00eda A\u00e9rea en la Emergencia. Algoritmos de Control.<\/li>\n<li>V\u00eda a\u00e9rea en el prehospitalario.<\/li>\n<li>V\u00eda a\u00e9rea pedi\u00e1trica.<\/li>\n<\/ol>\n<p>\u00a0<\/p>\n<p><strong>Experiencia pr\u00e1ctica<\/strong><\/p>\n<p>Ser\u00e1 a trav\u00e9s de talleres que se llevar\u00e1n a cabo en una jornada de 12 horas de actividad con capacidad para 20 participantes.<\/p>\n<p><strong>Programa tentativo de los talleres<\/strong><\/p>\n<p><strong>Viernes 19 de mayo y s\u00e1bado 20 de mayo \u2013 Cohorte 1 y 2<\/strong><\/p>\n<p>08.30 a 09.00: Inscripci\u00f3n. Credenciales.<\/p>\n<p>09.00 \u2013 10.00: Maniobras B\u00e1sicas de V\u00eda A\u00e9rea realizada por los docentes y los participantes.<\/p>\n<p>10.00 &#8211; 11.00: Dispositivos Supragl\u00f3ticos y Retrogl\u00f3ticos.<\/p>\n<p>11.00 \u2013 11.15 BREAK<\/p>\n<p>11.15 \u2013 12.30: Utilizaci\u00f3n de lo Visto en casos cl\u00ednicos.<\/p>\n<p>12.30 \u2013 13.00: Descanso<\/p>\n<p>13.00 \u2013 15.00: IOT y Utilizaci\u00f3n de nuevos procedimientos.<\/p>\n<p>15.00 \u2013 16.00: FONA (Utilizaci\u00f3n de simuladores y tr\u00e1queas de cerdo: mat. biol\u00f3gico no vivo).<\/p>\n<p>16.00 \u2013 16.30: BREAK<\/p>\n<p>16.30 \u2013 17.15: Caso cl\u00ednico en Prehospitalario.<\/p>\n<p>17.15 \u2013 18.00: Casos Cl\u00ednicos para resolver.<\/p>\n<p>18.00 \u2013 18.30: Resoluci\u00f3n de Videos. Despedida.<\/p>\n<p>18.30 \u2013 19.15: EXAMEN ESCRITO. MODALIDAD MULTIPLE CHOICE.<\/p>\n<p>\u00a0<\/p>\n<p><strong>Carga horaria<\/strong><\/p>\n<p>45 horas totales (18 horas lectura material y videos, 14 horas consultas te\u00f3ricos, 12 horas pr\u00e1cticas en talleres, 1 hora examen final).<\/p>\n<p>\u00a0<\/p>\n<p><strong>Informaci\u00f3n<\/strong><\/p>\n<p>Colegio M\u00e9dico de Santa Fe 1ra. Circunscripci\u00f3n:<\/p>\n<p>9 de Julio 2464 (3000 &#8211; Santa Fe)<\/p>\n<p>Tel\u00e9fono (0342) 4520176 interno 7<\/p>\n<p>Correo: marianam@cmsf.org.ar<\/p>\n","protected":false},"excerpt":{"rendered":"<p>Hasta el 12 de mayo se encuentra abierta la inscripci\u00f3n al curso de posgrado te\u00f3rico-pr\u00e1ctico sobre \u201cv\u00eda a\u00e9rea en la emergencia\u201d dirigido por el Dr. Horacio Locatelli. La modalidad de dictado ser\u00e1 virtual para la teor\u00eda y presencial para la pr\u00e1ctica. Arancelado. Otorga puntaje para recertificaci\u00f3n. Inscripci\u00f3n a la pr\u00e1ctica:SOLO INSCRIBIRSE A UNA OPCI\u00d3NOpci\u00f3n 1: [&hellip;]<\/p>\n","protected":false},"author":1,"featured_media":3790,"comment_status":"open","ping_status":"open","sticky":true,"template":"","format":"standard","meta":{"_uag_custom_page_level_css":"","_jetpack_memberships_contains_paid_content":false,"footnotes":""},"categories":[30],"tags":[],"class_list":["post-3791","post","type-post","status-publish","format-standard","has-post-thumbnail","hentry","category-cursos"],"jetpack_sharing_enabled":true,"jetpack_featured_media_url":"https:\/\/colmedicosantafe1.org.ar\/wp-content\/uploads\/2023\/03\/Curso-Va-Area-Emergencia-scaled.jpg","uagb_featured_image_src":{"full":["https:\/\/colmedicosantafe1.org.ar\/wp-content\/uploads\/2023\/03\/Curso-Va-Area-Emergencia-scaled.jpg",2560,1709,false],"thumbnail":["https:\/\/colmedicosantafe1.org.ar\/wp-content\/uploads\/2023\/03\/Curso-Va-Area-Emergencia-150x150.jpg",150,150,true],"medium":["https:\/\/colmedicosantafe1.org.ar\/wp-content\/uploads\/2023\/03\/Curso-Va-Area-Emergencia-300x200.jpg",300,200,true],"medium_large":["https:\/\/colmedicosantafe1.org.ar\/wp-content\/uploads\/2023\/03\/Curso-Va-Area-Emergencia-768x513.jpg",768,513,true],"large":["https:\/\/colmedicosantafe1.org.ar\/wp-content\/uploads\/2023\/03\/Curso-Va-Area-Emergencia-1024x684.jpg",1024,684,true],"1536x1536":["https:\/\/colmedicosantafe1.org.ar\/wp-content\/uploads\/2023\/03\/Curso-Va-Area-Emergencia-1536x1025.jpg",1536,1025,true],"2048x2048":["https:\/\/colmedicosantafe1.org.ar\/wp-content\/uploads\/2023\/03\/Curso-Va-Area-Emergencia-2048x1367.jpg",2048,1367,true]},"uagb_author_info":{"display_name":"admin","author_link":"https:\/\/colmedicosantafe1.org.ar\/?author=1"},"uagb_comment_info":0,"uagb_excerpt":"Hasta el 12 de mayo se encuentra abierta la inscripci\u00f3n al curso de posgrado te\u00f3rico-pr\u00e1ctico sobre \u201cv\u00eda a\u00e9rea en la emergencia\u201d dirigido por el Dr. Horacio Locatelli. La modalidad de dictado ser\u00e1 virtual para la teor\u00eda y presencial para la pr\u00e1ctica. Arancelado. Otorga puntaje para recertificaci\u00f3n. Inscripci\u00f3n a la pr\u00e1ctica:SOLO INSCRIBIRSE A UNA OPCI\u00d3NOpci\u00f3n 1:&hellip;","_links":{"self":[{"href":"https:\/\/colmedicosantafe1.org.ar\/index.php?rest_route=\/wp\/v2\/posts\/3791","targetHints":{"allow":["GET"]}}],"collection":[{"href":"https:\/\/colmedicosantafe1.org.ar\/index.php?rest_route=\/wp\/v2\/posts"}],"about":[{"href":"https:\/\/colmedicosantafe1.org.ar\/index.php?rest_route=\/wp\/v2\/types\/post"}],"author":[{"embeddable":true,"href":"https:\/\/colmedicosantafe1.org.ar\/index.php?rest_route=\/wp\/v2\/users\/1"}],"replies":[{"embeddable":true,"href":"https:\/\/colmedicosantafe1.org.ar\/index.php?rest_route=%2Fwp%2Fv2%2Fcomments&post=3791"}],"version-history":[{"count":0,"href":"https:\/\/colmedicosantafe1.org.ar\/index.php?rest_route=\/wp\/v2\/posts\/3791\/revisions"}],"wp:featuredmedia":[{"embeddable":true,"href":"https:\/\/colmedicosantafe1.org.ar\/index.php?rest_route=\/wp\/v2\/media\/3790"}],"wp:attachment":[{"href":"https:\/\/colmedicosantafe1.org.ar\/index.php?rest_route=%2Fwp%2Fv2%2Fmedia&parent=3791"}],"wp:term":[{"taxonomy":"category","embeddable":true,"href":"https:\/\/colmedicosantafe1.org.ar\/index.php?rest_route=%2Fwp%2Fv2%2Fcategories&post=3791"},{"taxonomy":"post_tag","embeddable":true,"href":"https:\/\/colmedicosantafe1.org.ar\/index.php?rest_route=%2Fwp%2Fv2%2Ftags&post=3791"}],"curies":[{"name":"wp","href":"https:\/\/api.w.org\/{rel}","templated":true}]}}