{"id":3786,"date":"2023-01-17T11:50:18","date_gmt":"2023-01-17T14:50:18","guid":{"rendered":"https:\/\/cmsf.org.ar\/sitio\/?p=3786"},"modified":"2023-01-17T11:50:18","modified_gmt":"2023-01-17T14:50:18","slug":"una-campana-de-desprestigio-favorece-la-agresion-a-los-medicos","status":"publish","type":"post","link":"https:\/\/colmedicosantafe1.org.ar\/?p=3786","title":{"rendered":"Una campa\u00f1a de desprestigio favorece la agresi\u00f3n a los m\u00e9dicos"},"content":{"rendered":"<p><img decoding=\"async\" class=\"pull-left size-full wp-image-3581\" style=\"margin: 5px;\" src=\"https:\/\/colmedicosantafe1.org.ar\/wp-content\/uploads\/2021\/07\/Daniel-Rafel-Presidente-CMSF-recortada.jpg\" width=\"200\" srcset=\"https:\/\/colmedicosantafe1.org.ar\/wp-content\/uploads\/2021\/07\/Daniel-Rafel-Presidente-CMSF-recortada.jpg 915w, https:\/\/colmedicosantafe1.org.ar\/wp-content\/uploads\/2021\/07\/Daniel-Rafel-Presidente-CMSF-recortada-300x255.jpg 300w, https:\/\/colmedicosantafe1.org.ar\/wp-content\/uploads\/2021\/07\/Daniel-Rafel-Presidente-CMSF-recortada-768x652.jpg 768w\" sizes=\"(max-width: 915px) 100vw, 915px\" \/>El presidente del Colegio de M\u00e9dicos de Santa Fe de la 1\u00b0 Circunscripci\u00f3n, Daniel Rafel, analiz\u00f3 las circunstancias que rodearon la brutal agresi\u00f3n sufrida por un profesional de la salud en la ciudad de Avellaneda. Para el directivo existe una campa\u00f1a de desprestigio que descarga en los m\u00e9dicos las responsabilidades por la grave crisis del sistema de salud. \u201cSomos el chivo expiatorio de un sistema sanitario en crisis\u201d, se\u00f1al\u00f3 Rafel.<\/p>\n<p><!--more--><\/p>\n<p style=\"font-weight: 400;\">\u00a0<\/p>\n<p style=\"font-weight: 400;\">\u00a0<\/p>\n<p style=\"font-weight: 400;\">El pasado 15 de enero el m\u00e9dico Guillermo Bailat fue gravemente agredido mientras cumpl\u00eda funciones en el Sanatorio Avellaneda. Por circunstancias que se est\u00e1n investigando, tres familiares de una mujer internada en un Sanatorio, agredieron con patadas y golpes de pu\u00f1o al profesional que se desempe\u00f1aba en el sector de Diagn\u00f3stico por Im\u00e1genes. Como consecuencia de la agresi\u00f3n el profesional sufri\u00f3 la fractura de una costilla, hematomas en rostro y cuerpo, y un derrame en un ojo. \u00a0 \u00a0<\/p>\n<p style=\"font-weight: 400;\">Frente a esta grave agresi\u00f3n, el presidente del Colegio de M\u00e9dicos de Santa Fe de la 1\u00b0 Circunscripci\u00f3n, Daniel Rafel, expres\u00f3 su solidaridad con el colega atacado y advirti\u00f3 sobre un contexto persistente de agresiones de todo tipo hacia los profesionales.<\/p>\n<p style=\"font-weight: 400;\">Seg\u00fan explic\u00f3 Rafel, \u201cexiste algo que nadie quiere ver cuando se producen estas agresiones. Hay una campa\u00f1a anti m\u00e9dico que busca justificar las carencias del sistema de salud se\u00f1alando a los profesionales de la salud como los causantes de esta situaci\u00f3n, cuando en realidad, nada tenemos que ver. Al contrario, somos v\u00edctimas de la crisis del sistema sanitario por las bajas remuneraciones , las malas condiciones de trabajo\u201d y por las injustificadas agresiones que a diario sufrimos.<\/p>\n<p style=\"font-weight: 400;\">Al respecto, el titular del Colegio de M\u00e9dicos de Santa Fe destac\u00f3 que \u201cestamos todos los d\u00edas escuchando \u00a0que hacemos cosas mal sin destacar el esfuerzo cotidiano ni las cosas positivas.<\/p>\n<p style=\"font-weight: 400;\">Rafel sostuvo que \u201cel sistema de salud est\u00e1 en un momento cr\u00edtico. Los m\u00e9dicos nunca han ganado tan poco como en la actualidad, las obras sociales est\u00e1n fundidas y despu\u00e9s de la pandemia la situaci\u00f3n se agrav\u00f3 porque impacta la inflaci\u00f3n y la dolarizaci\u00f3n de los insumos.\u00a0 Definitivamente \u00a0el m\u00e9dico no es el culpable de esta situaci\u00f3n. Los que niegan prestaciones, restringen servicios, gestionan deficientemente \u00a0y pagan mal son los administradores del Sistema. Pero la gente no le ve as\u00ed y solo apunta contra los m\u00e9dicos\u201d, lament\u00f3.<\/p>\n<p style=\"font-weight: 400;\">Finalmente, el directivo se\u00f1al\u00f3 que frente a este tipo de hechos \u201cel sistema jur\u00eddico en Argentina no \u00a0penaliza como corresponde. Nos parece necesario que la agresi\u00f3n a un m\u00e9dico sea considerada como un ataque a la autoridad. Tenemos que reformular el sistema de castigo para la gente que agrede a un profesional de la salud\u201d, reclam\u00f3 Daniel Rafel.<\/p>\n<p style=\"font-weight: 400;\">\u00a0<\/p>\n","protected":false},"excerpt":{"rendered":"<p>El presidente del Colegio de M\u00e9dicos de Santa Fe de la 1\u00b0 Circunscripci\u00f3n, Daniel Rafel, analiz\u00f3 las circunstancias que rodearon la brutal agresi\u00f3n sufrida por un profesional de la salud en la ciudad de Avellaneda. Para el directivo existe una campa\u00f1a de desprestigio que descarga en los m\u00e9dicos las responsabilidades por la grave crisis del [&hellip;]<\/p>\n","protected":false},"author":1,"featured_media":3581,"comment_status":"open","ping_status":"open","sticky":true,"template":"","format":"standard","meta":{"_uag_custom_page_level_css":"","_jetpack_memberships_contains_paid_content":false,"footnotes":""},"categories":[6],"tags":[],"class_list":["post-3786","post","type-post","status-publish","format-standard","has-post-thumbnail","hentry","category-noticias"],"jetpack_sharing_enabled":true,"jetpack_featured_media_url":"https:\/\/colmedicosantafe1.org.ar\/wp-content\/uploads\/2021\/07\/Daniel-Rafel-Presidente-CMSF-recortada.jpg","uagb_featured_image_src":{"full":["https:\/\/colmedicosantafe1.org.ar\/wp-content\/uploads\/2021\/07\/Daniel-Rafel-Presidente-CMSF-recortada.jpg",915,777,false],"thumbnail":["https:\/\/colmedicosantafe1.org.ar\/wp-content\/uploads\/2021\/07\/Daniel-Rafel-Presidente-CMSF-recortada-150x150.jpg",150,150,true],"medium":["https:\/\/colmedicosantafe1.org.ar\/wp-content\/uploads\/2021\/07\/Daniel-Rafel-Presidente-CMSF-recortada-300x255.jpg",300,255,true],"medium_large":["https:\/\/colmedicosantafe1.org.ar\/wp-content\/uploads\/2021\/07\/Daniel-Rafel-Presidente-CMSF-recortada-768x652.jpg",768,652,true],"large":["https:\/\/colmedicosantafe1.org.ar\/wp-content\/uploads\/2021\/07\/Daniel-Rafel-Presidente-CMSF-recortada.jpg",915,777,false],"1536x1536":["https:\/\/colmedicosantafe1.org.ar\/wp-content\/uploads\/2021\/07\/Daniel-Rafel-Presidente-CMSF-recortada.jpg",915,777,false],"2048x2048":["https:\/\/colmedicosantafe1.org.ar\/wp-content\/uploads\/2021\/07\/Daniel-Rafel-Presidente-CMSF-recortada.jpg",915,777,false]},"uagb_author_info":{"display_name":"admin","author_link":"https:\/\/colmedicosantafe1.org.ar\/?author=1"},"uagb_comment_info":0,"uagb_excerpt":"El presidente del Colegio de M\u00e9dicos de Santa Fe de la 1\u00b0 Circunscripci\u00f3n, Daniel Rafel, analiz\u00f3 las circunstancias que rodearon la brutal agresi\u00f3n sufrida por un profesional de la salud en la ciudad de Avellaneda. Para el directivo existe una campa\u00f1a de desprestigio que descarga en los m\u00e9dicos las responsabilidades por la grave crisis del&hellip;","_links":{"self":[{"href":"https:\/\/colmedicosantafe1.org.ar\/index.php?rest_route=\/wp\/v2\/posts\/3786","targetHints":{"allow":["GET"]}}],"collection":[{"href":"https:\/\/colmedicosantafe1.org.ar\/index.php?rest_route=\/wp\/v2\/posts"}],"about":[{"href":"https:\/\/colmedicosantafe1.org.ar\/index.php?rest_route=\/wp\/v2\/types\/post"}],"author":[{"embeddable":true,"href":"https:\/\/colmedicosantafe1.org.ar\/index.php?rest_route=\/wp\/v2\/users\/1"}],"replies":[{"embeddable":true,"href":"https:\/\/colmedicosantafe1.org.ar\/index.php?rest_route=%2Fwp%2Fv2%2Fcomments&post=3786"}],"version-history":[{"count":0,"href":"https:\/\/colmedicosantafe1.org.ar\/index.php?rest_route=\/wp\/v2\/posts\/3786\/revisions"}],"wp:featuredmedia":[{"embeddable":true,"href":"https:\/\/colmedicosantafe1.org.ar\/index.php?rest_route=\/wp\/v2\/media\/3581"}],"wp:attachment":[{"href":"https:\/\/colmedicosantafe1.org.ar\/index.php?rest_route=%2Fwp%2Fv2%2Fmedia&parent=3786"}],"wp:term":[{"taxonomy":"category","embeddable":true,"href":"https:\/\/colmedicosantafe1.org.ar\/index.php?rest_route=%2Fwp%2Fv2%2Fcategories&post=3786"},{"taxonomy":"post_tag","embeddable":true,"href":"https:\/\/colmedicosantafe1.org.ar\/index.php?rest_route=%2Fwp%2Fv2%2Ftags&post=3786"}],"curies":[{"name":"wp","href":"https:\/\/api.w.org\/{rel}","templated":true}]}}