{"id":3782,"date":"2022-12-03T17:00:08","date_gmt":"2022-12-03T20:00:08","guid":{"rendered":"https:\/\/cmsf.org.ar\/sitio\/?p=3782"},"modified":"2022-12-03T17:00:08","modified_gmt":"2022-12-03T20:00:08","slug":"acto-academico-del-colegio-de-medicos-de-santa-fe-5","status":"publish","type":"post","link":"https:\/\/colmedicosantafe1.org.ar\/?p=3782","title":{"rendered":"Acto Acad\u00e9mico del Colegio de M\u00e9dicos de Santa Fe"},"content":{"rendered":"<p><img decoding=\"async\" class=\"pull-left size-full wp-image-3778\" style=\"margin: 5px;\" src=\"https:\/\/colmedicosantafe1.org.ar\/wp-content\/uploads\/2022\/12\/Rafel-Discurso-PP.jpg\" width=\"200\" srcset=\"https:\/\/colmedicosantafe1.org.ar\/wp-content\/uploads\/2022\/12\/Rafel-Discurso-PP.jpg 909w, https:\/\/colmedicosantafe1.org.ar\/wp-content\/uploads\/2022\/12\/Rafel-Discurso-PP-300x227.jpg 300w, https:\/\/colmedicosantafe1.org.ar\/wp-content\/uploads\/2022\/12\/Rafel-Discurso-PP-768x581.jpg 768w\" sizes=\"(max-width: 909px) 100vw, 909px\" \/>Se realiz\u00f3 el tradicional acto acad\u00e9mico del Colegio de M\u00e9dicos de Santa Fe donde se reconoce la trayectoria los profesionales que cumplieron 50 y 25 a\u00f1os en el ejercicio de la medicina. Tambi\u00e9n se entregaron los diplomas a los nuevos m\u00e9dicos y m\u00e9dicas que culminaron sus estudios de posgrado. El presidente de la entidad, Dr. Daniel Rafel, destac\u00f3 el logro de los nuevos especialistas y sostuvo la necesidad de un amplio debate para lograr la transformaci\u00f3n del sistema de salud donde se jerarquice el rol de los m\u00e9dicos y m\u00e9dicas.<\/p>\n<p><!--more--><\/p>\n<p>\u00a0<\/p>\n<p>\u00a0<\/p>\n<p>Este viernes 2 de diciembre se realiz\u00f3 el tradicional acto acad\u00e9mico del Colegio de M\u00e9dicos de Santa Fe de la Primera Circunscripci\u00f3n, donde se conmemora el D\u00eda del M\u00e9dico, se distingue a los profesionales que cumplieron 50 y 25 a\u00f1os en el ejercicio de la medicina y se entregan los diplomas a los nuevos m\u00e9dicos y m\u00e9dicas especialistas.<\/p>\n<p>Acompa\u00f1aron el evento, representantes de instituciones acad\u00e9micas de la ciudad, colegios profesionales y autoridades provinciales y municipales.<\/p>\n<p>En el inicio del acto, el Dr. Daniel Rafel, presidente de la Mesa Directiva de la instituci\u00f3n, destac\u00f3 \u201cel enorme el m\u00e9rito de quienes han alcanzado el objetivo de la especialidad\u201d, afirmando que \u201ceste logro se agiganta cuando vemos el estado de la medicina en nuestro pa\u00eds, atravesada por una grave crisis que afecta a todo el Sistema de Salud, y que ha llevado a la retribuci\u00f3n del trabajo medico a valores in\u00e9ditos e incre\u00edblemente bajos\u201d.<\/p>\n<p>Rafel se\u00f1alo que \u201cdesde hace varios a\u00f1os se insin\u00faa una tendencia que se hizo m\u00e1s evidente este 2022: solo la mitad de los centros formadores de especialistas han logrado cubrir los cargos ofrecidos para residencias, lo que implica una clara advertencia sobre el rumbo que est\u00e1 tomando la medicina definici\u00f3n y el riesgo cierto que se cierne sobre la calidad m\u00e9dica\u201d. \u00a0<\/p>\n<p>Seg\u00fan explic\u00f3 el directivo, \u201clos magros sueldos para los residentes, y peor a\u00fan, la perspectiva de peores ingresos cuando se deba ejercer la especialidad m\u00e9dica adquirida, son un factor fundamental que alimenta esta grave crisis del sistema, sin que aparezcan en el horizonte ideas de cambio o caminos de soluci\u00f3n\u201d.<\/p>\n<p>En este sentido, el presidente del Colegio de M\u00e9dicos destac\u00f3, que este a\u00f1o \u201cse han visto movilizaciones de m\u00e9dicos y m\u00e9dicas en todo el pa\u00eds\u201d. Para Rafel, \u201cse trata de expresiones elocuentes de la b\u00fasqueda, y la necesidad, de un nuevo modelo de salud donde el actor principal sea el m\u00e9dico, y deje de ser la variable de ajuste de un sistema perverso y sea contemplado en sus leg\u00edtimos reclamos de lograr un ingreso digno que adem\u00e1s contemple un reconocimiento a la capacitaci\u00f3n profesional\u201d.<\/p>\n<p>Frente a este panorama, Rafel remarc\u00f3 que \u201clo importante y trascendente seguir\u00e1 siendo la persistencia y mantenimiento de principios \u00e9ticos sin fisuras, la empat\u00eda con el dolor y el sufrimiento ajeno y el compromiso inquebrantable de ayudar al que lo necesite\u201d.<\/p>\n<p>\u201cY esperamos claridad de quienes deben generar nuevas pol\u00edticas de salud, para elevar y dignificar nuestra profesi\u00f3n, colocando al m\u00e9dico en un rol central y decisivo dentro del sistema. Porque, sin m\u00e9dicos y m\u00e9dicas no hay medicina\u201d, concluy\u00f3 el presidente del Colegio de M\u00e9dicos de Santa Fe.<\/p>\n<p><strong>Reconocimiento a las trayectorias en la Medicina<\/strong><\/p>\n<p>Luego de estas palabras, se realiz\u00f3 el homenaje a los profesionales que cumplieron 50 y 25 a\u00f1os en el ejercicio de la Medicina, entregando certificados y plaquetas de oro y plata, respectivamente.<\/p>\n<p><img decoding=\"async\" class=\"pull-left size-full wp-image-3779\" style=\"margin: 5px;\" src=\"https:\/\/colmedicosantafe1.org.ar\/wp-content\/uploads\/2022\/12\/Gonzales-Lowy-50-aos.jpg\" width=\"150\" srcset=\"https:\/\/colmedicosantafe1.org.ar\/wp-content\/uploads\/2022\/12\/Gonzales-Lowy-50-aos.jpg 964w, https:\/\/colmedicosantafe1.org.ar\/wp-content\/uploads\/2022\/12\/Gonzales-Lowy-50-aos-300x244.jpg 300w, https:\/\/colmedicosantafe1.org.ar\/wp-content\/uploads\/2022\/12\/Gonzales-Lowy-50-aos-768x624.jpg 768w\" sizes=\"(max-width: 964px) 100vw, 964px\" \/>Este a\u00f1o, 31 profesionales de la Primera Circunscripci\u00f3n fueron reconocidos por cumplir sus Bodas de Oro en la Medicina, y en representaci\u00f3n de este grupo, fue invitado a dirigir unas palabra el Dr. Oscar Gonz\u00e1lez Lowy, quien record\u00f3 su paso por la Universidad Nacional de C\u00f3rdoba y la residencia en Buenos Aires. \u201cHoy los m\u00e9dicos no tenemos mucho para festejar, pero creo que hoy y siempre, es necesario tener vocaci\u00f3n para ejercer la profesi\u00f3n. Han transcurrido 50 a\u00f1os y la medicina cambio mucho para bien como ciencia. Pero la pregunta es, si estos cambios han sido tan positivos para los m\u00e9dicos\u201d. En el cierre comparti\u00f3 su lema, \u201ccurar cuando sea posible, acompa\u00f1ar y consolar siempre, con la mayor de las sabidur\u00edas que es la humildad\u201d.<\/p>\n<p>A continuaci\u00f3n lleg\u00f3 el momento de la distinci\u00f3n para los profesionales que cumplieron 25 en el ejercicio de la medicina. En total fueron reconocidos 108 m\u00e9dicos y m\u00e9dicas de los departamentos 9 de Julio, Castellanos, Garay, General Obligado, La Capital, Las Colonias, San Crist\u00f3bal, San Jer\u00f3nimo, San Justo, San Martin, y Vera.<\/p>\n<p><img decoding=\"async\" class=\"pull-left size-full wp-image-3780\" style=\"margin: 5px;\" src=\"https:\/\/colmedicosantafe1.org.ar\/wp-content\/uploads\/2022\/12\/Capello_25-aos_PG.jpg\" width=\"150\" srcset=\"https:\/\/colmedicosantafe1.org.ar\/wp-content\/uploads\/2022\/12\/Capello_25-aos_PG.jpg 1280w, https:\/\/colmedicosantafe1.org.ar\/wp-content\/uploads\/2022\/12\/Capello_25-aos_PG-300x200.jpg 300w, https:\/\/colmedicosantafe1.org.ar\/wp-content\/uploads\/2022\/12\/Capello_25-aos_PG-1024x682.jpg 1024w, https:\/\/colmedicosantafe1.org.ar\/wp-content\/uploads\/2022\/12\/Capello_25-aos_PG-768x512.jpg 768w\" sizes=\"(max-width: 1280px) 100vw, 1280px\" \/>En representaci\u00f3n de estos homenajeados habl\u00f3 la Dra. Sandra Gabriela Cappello, quien repaso los cambios que tuvo que enfrentar en la profesi\u00f3n en el aspecto cient\u00edfico y la tecnolog\u00eda, y tambi\u00e9n el impacto que tuvo la pandemia, \u201ccon p\u00e9rdidas dolorosas y desaf\u00edos enormes para la profesi\u00f3n. No s\u00e9 si pasamos el examen, solo puedo decir que sobrevivimos\u201d.<\/p>\n<p>Como reflexi\u00f3n final, la Dra. Capello destac\u00f3 que \u201clos pacientes siguen buscando ser escuchados, comprendidos y acompa\u00f1ados en la enfermedad, y por ello nuestro trabajo es intensamente humano y ese momento de confianza con acude a nosotros no se puede reemplazar\u201d.<\/p>\n<p><strong>Nuevos Especialistas<\/strong><\/p>\n<p>En el tramo final del acto se procedi\u00f3 a la entrega de los diplomas a los profesionales que culminaron sus estudios de posgrado en las distintas especialidades reconocidas y supervisadas por nuestra entidad.<\/p>\n<p>Rodeados de familiares y colegas, los j\u00f3venes profesionales le dieron brillo y aplausos al cierre del acto acad\u00e9mico del Colegio de M\u00e9dicos de Santa Fe, recibiendo de manos de directivos y autoridades invitadas, los respectivos diplomas que acreditan su flamante condici\u00f3n de m\u00e9dicos y m\u00e9dicas especialistas.<\/p>\n<p><img decoding=\"async\" class=\"pull-center size-full wp-image-3781\" style=\"margin: 5px;\" src=\"https:\/\/colmedicosantafe1.org.ar\/wp-content\/uploads\/2022\/12\/Publico-y-Rafel.jpg\" width=\"400\" srcset=\"https:\/\/colmedicosantafe1.org.ar\/wp-content\/uploads\/2022\/12\/Publico-y-Rafel.jpg 1280w, https:\/\/colmedicosantafe1.org.ar\/wp-content\/uploads\/2022\/12\/Publico-y-Rafel-300x200.jpg 300w, https:\/\/colmedicosantafe1.org.ar\/wp-content\/uploads\/2022\/12\/Publico-y-Rafel-1024x682.jpg 1024w, https:\/\/colmedicosantafe1.org.ar\/wp-content\/uploads\/2022\/12\/Publico-y-Rafel-768x512.jpg 768w\" sizes=\"(max-width: 1280px) 100vw, 1280px\" \/><\/p>\n","protected":false},"excerpt":{"rendered":"<p>Se realiz\u00f3 el tradicional acto acad\u00e9mico del Colegio de M\u00e9dicos de Santa Fe donde se reconoce la trayectoria los profesionales que cumplieron 50 y 25 a\u00f1os en el ejercicio de la medicina. Tambi\u00e9n se entregaron los diplomas a los nuevos m\u00e9dicos y m\u00e9dicas que culminaron sus estudios de posgrado. El presidente de la entidad, Dr. [&hellip;]<\/p>\n","protected":false},"author":1,"featured_media":3778,"comment_status":"open","ping_status":"open","sticky":true,"template":"","format":"standard","meta":{"_uag_custom_page_level_css":"","_jetpack_memberships_contains_paid_content":false,"footnotes":""},"categories":[6],"tags":[],"class_list":["post-3782","post","type-post","status-publish","format-standard","has-post-thumbnail","hentry","category-noticias"],"jetpack_sharing_enabled":true,"jetpack_featured_media_url":"https:\/\/colmedicosantafe1.org.ar\/wp-content\/uploads\/2022\/12\/Rafel-Discurso-PP.jpg","uagb_featured_image_src":{"full":["https:\/\/colmedicosantafe1.org.ar\/wp-content\/uploads\/2022\/12\/Rafel-Discurso-PP.jpg",909,688,false],"thumbnail":["https:\/\/colmedicosantafe1.org.ar\/wp-content\/uploads\/2022\/12\/Rafel-Discurso-PP-150x150.jpg",150,150,true],"medium":["https:\/\/colmedicosantafe1.org.ar\/wp-content\/uploads\/2022\/12\/Rafel-Discurso-PP-300x227.jpg",300,227,true],"medium_large":["https:\/\/colmedicosantafe1.org.ar\/wp-content\/uploads\/2022\/12\/Rafel-Discurso-PP-768x581.jpg",768,581,true],"large":["https:\/\/colmedicosantafe1.org.ar\/wp-content\/uploads\/2022\/12\/Rafel-Discurso-PP.jpg",909,688,false],"1536x1536":["https:\/\/colmedicosantafe1.org.ar\/wp-content\/uploads\/2022\/12\/Rafel-Discurso-PP.jpg",909,688,false],"2048x2048":["https:\/\/colmedicosantafe1.org.ar\/wp-content\/uploads\/2022\/12\/Rafel-Discurso-PP.jpg",909,688,false]},"uagb_author_info":{"display_name":"admin","author_link":"https:\/\/colmedicosantafe1.org.ar\/?author=1"},"uagb_comment_info":0,"uagb_excerpt":"Se realiz\u00f3 el tradicional acto acad\u00e9mico del Colegio de M\u00e9dicos de Santa Fe donde se reconoce la trayectoria los profesionales que cumplieron 50 y 25 a\u00f1os en el ejercicio de la medicina. Tambi\u00e9n se entregaron los diplomas a los nuevos m\u00e9dicos y m\u00e9dicas que culminaron sus estudios de posgrado. El presidente de la entidad, Dr.&hellip;","_links":{"self":[{"href":"https:\/\/colmedicosantafe1.org.ar\/index.php?rest_route=\/wp\/v2\/posts\/3782","targetHints":{"allow":["GET"]}}],"collection":[{"href":"https:\/\/colmedicosantafe1.org.ar\/index.php?rest_route=\/wp\/v2\/posts"}],"about":[{"href":"https:\/\/colmedicosantafe1.org.ar\/index.php?rest_route=\/wp\/v2\/types\/post"}],"author":[{"embeddable":true,"href":"https:\/\/colmedicosantafe1.org.ar\/index.php?rest_route=\/wp\/v2\/users\/1"}],"replies":[{"embeddable":true,"href":"https:\/\/colmedicosantafe1.org.ar\/index.php?rest_route=%2Fwp%2Fv2%2Fcomments&post=3782"}],"version-history":[{"count":0,"href":"https:\/\/colmedicosantafe1.org.ar\/index.php?rest_route=\/wp\/v2\/posts\/3782\/revisions"}],"wp:featuredmedia":[{"embeddable":true,"href":"https:\/\/colmedicosantafe1.org.ar\/index.php?rest_route=\/wp\/v2\/media\/3778"}],"wp:attachment":[{"href":"https:\/\/colmedicosantafe1.org.ar\/index.php?rest_route=%2Fwp%2Fv2%2Fmedia&parent=3782"}],"wp:term":[{"taxonomy":"category","embeddable":true,"href":"https:\/\/colmedicosantafe1.org.ar\/index.php?rest_route=%2Fwp%2Fv2%2Fcategories&post=3782"},{"taxonomy":"post_tag","embeddable":true,"href":"https:\/\/colmedicosantafe1.org.ar\/index.php?rest_route=%2Fwp%2Fv2%2Ftags&post=3782"}],"curies":[{"name":"wp","href":"https:\/\/api.w.org\/{rel}","templated":true}]}}