{"id":3382,"date":"2020-04-02T15:51:04","date_gmt":"2020-04-02T18:51:04","guid":{"rendered":"https:\/\/cmsf.org.ar\/sitio\/?p=3382"},"modified":"2020-04-02T15:51:04","modified_gmt":"2020-04-02T18:51:04","slug":"suspension-del-primer-encuentro-del-cafe-filosofico","status":"publish","type":"post","link":"https:\/\/colmedicosantafe1.org.ar\/?p=3382","title":{"rendered":"Suspensi\u00f3n del primer encuentro del Caf\u00e9 Filos\u00f3fico"},"content":{"rendered":"<p><img decoding=\"async\" class=\"pull-left size-full wp-image-3381\" style=\"margin: 5px;\" src=\"https:\/\/colmedicosantafe1.org.ar\/wp-content\/uploads\/2020\/04\/Inicio-Cafee-Filosfico-suspendido-scaled.jpg\" width=\"200\" srcset=\"https:\/\/colmedicosantafe1.org.ar\/wp-content\/uploads\/2020\/04\/Inicio-Cafee-Filosfico-suspendido-scaled.jpg 2560w, https:\/\/colmedicosantafe1.org.ar\/wp-content\/uploads\/2020\/04\/Inicio-Cafee-Filosfico-suspendido-300x208.jpg 300w, https:\/\/colmedicosantafe1.org.ar\/wp-content\/uploads\/2020\/04\/Inicio-Cafee-Filosfico-suspendido-1024x709.jpg 1024w, https:\/\/colmedicosantafe1.org.ar\/wp-content\/uploads\/2020\/04\/Inicio-Cafee-Filosfico-suspendido-768x532.jpg 768w, https:\/\/colmedicosantafe1.org.ar\/wp-content\/uploads\/2020\/04\/Inicio-Cafee-Filosfico-suspendido-1536x1064.jpg 1536w, https:\/\/colmedicosantafe1.org.ar\/wp-content\/uploads\/2020\/04\/Inicio-Cafee-Filosfico-suspendido-2048x1419.jpg 2048w\" sizes=\"(max-width: 2560px) 100vw, 2560px\" \/>Informamos que el primer encuentro del &#8220;Caf\u00e9 Filos\u00f3fico&#8221; organizado por el Colegio de M\u00e9dicos de Santa Fe previsto para el pr\u00f3ximo 14 de abril se posterga hasta el mes de mayo.<\/p>\n<p><!--more--><\/p>\n<p>\u00a0<\/p>\n","protected":false},"excerpt":{"rendered":"<p>Informamos que el primer encuentro del &#8220;Caf\u00e9 Filos\u00f3fico&#8221; organizado por el Colegio de M\u00e9dicos de Santa Fe previsto para el pr\u00f3ximo 14 de abril se posterga hasta el mes de mayo.<\/p>\n","protected":false},"author":1,"featured_media":3381,"comment_status":"open","ping_status":"open","sticky":true,"template":"","format":"standard","meta":{"_uag_custom_page_level_css":"","_jetpack_memberships_contains_paid_content":false,"footnotes":""},"categories":[6],"tags":[],"class_list":["post-3382","post","type-post","status-publish","format-standard","has-post-thumbnail","hentry","category-noticias"],"jetpack_sharing_enabled":true,"jetpack_featured_media_url":"https:\/\/colmedicosantafe1.org.ar\/wp-content\/uploads\/2020\/04\/Inicio-Cafee-Filosfico-suspendido-scaled.jpg","uagb_featured_image_src":{"full":["https:\/\/colmedicosantafe1.org.ar\/wp-content\/uploads\/2020\/04\/Inicio-Cafee-Filosfico-suspendido-scaled.jpg",2560,1773,false],"thumbnail":["https:\/\/colmedicosantafe1.org.ar\/wp-content\/uploads\/2020\/04\/Inicio-Cafee-Filosfico-suspendido-150x150.jpg",150,150,true],"medium":["https:\/\/colmedicosantafe1.org.ar\/wp-content\/uploads\/2020\/04\/Inicio-Cafee-Filosfico-suspendido-300x208.jpg",300,208,true],"medium_large":["https:\/\/colmedicosantafe1.org.ar\/wp-content\/uploads\/2020\/04\/Inicio-Cafee-Filosfico-suspendido-768x532.jpg",768,532,true],"large":["https:\/\/colmedicosantafe1.org.ar\/wp-content\/uploads\/2020\/04\/Inicio-Cafee-Filosfico-suspendido-1024x709.jpg",1024,709,true],"1536x1536":["https:\/\/colmedicosantafe1.org.ar\/wp-content\/uploads\/2020\/04\/Inicio-Cafee-Filosfico-suspendido-1536x1064.jpg",1536,1064,true],"2048x2048":["https:\/\/colmedicosantafe1.org.ar\/wp-content\/uploads\/2020\/04\/Inicio-Cafee-Filosfico-suspendido-2048x1419.jpg",2048,1419,true]},"uagb_author_info":{"display_name":"admin","author_link":"https:\/\/colmedicosantafe1.org.ar\/?author=1"},"uagb_comment_info":0,"uagb_excerpt":"Informamos que el primer encuentro del &#8220;Caf\u00e9 Filos\u00f3fico&#8221; organizado por el Colegio de M\u00e9dicos de Santa Fe previsto para el pr\u00f3ximo 14 de abril se posterga hasta el mes de mayo.","_links":{"self":[{"href":"https:\/\/colmedicosantafe1.org.ar\/index.php?rest_route=\/wp\/v2\/posts\/3382","targetHints":{"allow":["GET"]}}],"collection":[{"href":"https:\/\/colmedicosantafe1.org.ar\/index.php?rest_route=\/wp\/v2\/posts"}],"about":[{"href":"https:\/\/colmedicosantafe1.org.ar\/index.php?rest_route=\/wp\/v2\/types\/post"}],"author":[{"embeddable":true,"href":"https:\/\/colmedicosantafe1.org.ar\/index.php?rest_route=\/wp\/v2\/users\/1"}],"replies":[{"embeddable":true,"href":"https:\/\/colmedicosantafe1.org.ar\/index.php?rest_route=%2Fwp%2Fv2%2Fcomments&post=3382"}],"version-history":[{"count":0,"href":"https:\/\/colmedicosantafe1.org.ar\/index.php?rest_route=\/wp\/v2\/posts\/3382\/revisions"}],"wp:featuredmedia":[{"embeddable":true,"href":"https:\/\/colmedicosantafe1.org.ar\/index.php?rest_route=\/wp\/v2\/media\/3381"}],"wp:attachment":[{"href":"https:\/\/colmedicosantafe1.org.ar\/index.php?rest_route=%2Fwp%2Fv2%2Fmedia&parent=3382"}],"wp:term":[{"taxonomy":"category","embeddable":true,"href":"https:\/\/colmedicosantafe1.org.ar\/index.php?rest_route=%2Fwp%2Fv2%2Fcategories&post=3382"},{"taxonomy":"post_tag","embeddable":true,"href":"https:\/\/colmedicosantafe1.org.ar\/index.php?rest_route=%2Fwp%2Fv2%2Ftags&post=3382"}],"curies":[{"name":"wp","href":"https:\/\/api.w.org\/{rel}","templated":true}]}}