{"id":3380,"date":"2020-04-02T15:15:51","date_gmt":"2020-04-02T18:15:51","guid":{"rendered":"https:\/\/cmsf.org.ar\/sitio\/?p=3380"},"modified":"2020-04-02T15:15:51","modified_gmt":"2020-04-02T18:15:51","slug":"urgente-convocatoria-a-medicos-y-medicas-de-santa-fe","status":"publish","type":"post","link":"https:\/\/colmedicosantafe1.org.ar\/?p=3380","title":{"rendered":"Urgente: Convocatoria a m\u00e9dicos y m\u00e9dicas de Santa Fe"},"content":{"rendered":"<p><img decoding=\"async\" class=\"pull-left size-full wp-image-3379\" style=\"margin: 5px;\" src=\"https:\/\/colmedicosantafe1.org.ar\/wp-content\/uploads\/2020\/04\/MEDICO-CAMILLA-PACIENTE-1.jpg\" width=\"200\" srcset=\"https:\/\/colmedicosantafe1.org.ar\/wp-content\/uploads\/2020\/04\/MEDICO-CAMILLA-PACIENTE-1.jpg 867w, https:\/\/colmedicosantafe1.org.ar\/wp-content\/uploads\/2020\/04\/MEDICO-CAMILLA-PACIENTE-1-300x249.jpg 300w, https:\/\/colmedicosantafe1.org.ar\/wp-content\/uploads\/2020\/04\/MEDICO-CAMILLA-PACIENTE-1-768x638.jpg 768w\" sizes=\"(max-width: 867px) 100vw, 867px\" \/>A trav\u00e9s del Colegio de M\u00e9dicos de Santa Fe, el Ministerio de Salud de la provincia convoca a profesionales de la salud, <strong>entre 25 y 40 a\u00f1os<\/strong>, para desempe\u00f1arse en el sistema p\u00fablico de la ciudad de Santa Fe en el marco de la emergencia sanitaria por Coronavirus. Ver requisitos en el cuerpo de la noticia.<\/p>\n<p><!--more--><\/p>\n<p>\u00a0<\/p>\n<p>\u00a0<\/p>\n<p>\u00a0<\/p>\n<p>Los interesados deber\u00e1n enviar mensaje por <strong>WhatsApp al Colegio de M\u00e9dicos de Santa Fe (+54 9 342 472-3666)<\/strong> consignando la siguiente informaci\u00f3n:<\/p>\n<p>&#8211; Nombre completo.<\/p>\n<p>&#8211; N\u00famero de DNI.<\/p>\n<p>&#8211; N\u00famero de Matr\u00edcula.<\/p>\n<p>&#8211; Especialidad (no excluyente)<\/p>\n<p>&#8211; Correo electr\u00f3nico.<\/p>\n<p>Cumplido este paso, desde el Ministerio de Salud de la provincia se comunicar\u00e1n con el postulante.<\/p>\n<p>\u00a0<\/p>\n","protected":false},"excerpt":{"rendered":"<p>A trav\u00e9s del Colegio de M\u00e9dicos de Santa Fe, el Ministerio de Salud de la provincia convoca a profesionales de la salud, entre 25 y 40 a\u00f1os, para desempe\u00f1arse en el sistema p\u00fablico de la ciudad de Santa Fe en el marco de la emergencia sanitaria por Coronavirus. Ver requisitos en el cuerpo de la [&hellip;]<\/p>\n","protected":false},"author":1,"featured_media":3379,"comment_status":"open","ping_status":"open","sticky":true,"template":"","format":"standard","meta":{"_uag_custom_page_level_css":"","_jetpack_memberships_contains_paid_content":false,"footnotes":""},"categories":[6],"tags":[],"class_list":["post-3380","post","type-post","status-publish","format-standard","has-post-thumbnail","hentry","category-noticias"],"jetpack_sharing_enabled":true,"jetpack_featured_media_url":"https:\/\/colmedicosantafe1.org.ar\/wp-content\/uploads\/2020\/04\/MEDICO-CAMILLA-PACIENTE-1.jpg","uagb_featured_image_src":{"full":["https:\/\/colmedicosantafe1.org.ar\/wp-content\/uploads\/2020\/04\/MEDICO-CAMILLA-PACIENTE-1.jpg",867,720,false],"thumbnail":["https:\/\/colmedicosantafe1.org.ar\/wp-content\/uploads\/2020\/04\/MEDICO-CAMILLA-PACIENTE-1-150x150.jpg",150,150,true],"medium":["https:\/\/colmedicosantafe1.org.ar\/wp-content\/uploads\/2020\/04\/MEDICO-CAMILLA-PACIENTE-1-300x249.jpg",300,249,true],"medium_large":["https:\/\/colmedicosantafe1.org.ar\/wp-content\/uploads\/2020\/04\/MEDICO-CAMILLA-PACIENTE-1-768x638.jpg",768,638,true],"large":["https:\/\/colmedicosantafe1.org.ar\/wp-content\/uploads\/2020\/04\/MEDICO-CAMILLA-PACIENTE-1.jpg",867,720,false],"1536x1536":["https:\/\/colmedicosantafe1.org.ar\/wp-content\/uploads\/2020\/04\/MEDICO-CAMILLA-PACIENTE-1.jpg",867,720,false],"2048x2048":["https:\/\/colmedicosantafe1.org.ar\/wp-content\/uploads\/2020\/04\/MEDICO-CAMILLA-PACIENTE-1.jpg",867,720,false]},"uagb_author_info":{"display_name":"admin","author_link":"https:\/\/colmedicosantafe1.org.ar\/?author=1"},"uagb_comment_info":0,"uagb_excerpt":"A trav\u00e9s del Colegio de M\u00e9dicos de Santa Fe, el Ministerio de Salud de la provincia convoca a profesionales de la salud, entre 25 y 40 a\u00f1os, para desempe\u00f1arse en el sistema p\u00fablico de la ciudad de Santa Fe en el marco de la emergencia sanitaria por Coronavirus. Ver requisitos en el cuerpo de la&hellip;","_links":{"self":[{"href":"https:\/\/colmedicosantafe1.org.ar\/index.php?rest_route=\/wp\/v2\/posts\/3380","targetHints":{"allow":["GET"]}}],"collection":[{"href":"https:\/\/colmedicosantafe1.org.ar\/index.php?rest_route=\/wp\/v2\/posts"}],"about":[{"href":"https:\/\/colmedicosantafe1.org.ar\/index.php?rest_route=\/wp\/v2\/types\/post"}],"author":[{"embeddable":true,"href":"https:\/\/colmedicosantafe1.org.ar\/index.php?rest_route=\/wp\/v2\/users\/1"}],"replies":[{"embeddable":true,"href":"https:\/\/colmedicosantafe1.org.ar\/index.php?rest_route=%2Fwp%2Fv2%2Fcomments&post=3380"}],"version-history":[{"count":0,"href":"https:\/\/colmedicosantafe1.org.ar\/index.php?rest_route=\/wp\/v2\/posts\/3380\/revisions"}],"wp:featuredmedia":[{"embeddable":true,"href":"https:\/\/colmedicosantafe1.org.ar\/index.php?rest_route=\/wp\/v2\/media\/3379"}],"wp:attachment":[{"href":"https:\/\/colmedicosantafe1.org.ar\/index.php?rest_route=%2Fwp%2Fv2%2Fmedia&parent=3380"}],"wp:term":[{"taxonomy":"category","embeddable":true,"href":"https:\/\/colmedicosantafe1.org.ar\/index.php?rest_route=%2Fwp%2Fv2%2Fcategories&post=3380"},{"taxonomy":"post_tag","embeddable":true,"href":"https:\/\/colmedicosantafe1.org.ar\/index.php?rest_route=%2Fwp%2Fv2%2Ftags&post=3380"}],"curies":[{"name":"wp","href":"https:\/\/api.w.org\/{rel}","templated":true}]}}