{"id":3372,"date":"2020-03-20T21:58:13","date_gmt":"2020-03-21T00:58:13","guid":{"rendered":"https:\/\/cmsf.org.ar\/sitio\/?p=3372"},"modified":"2020-03-20T21:58:13","modified_gmt":"2020-03-21T00:58:13","slug":"alico-tenemos-que-tomar-conciencia-de-los-riesgos-de-la-pandemia","status":"publish","type":"post","link":"https:\/\/colmedicosantafe1.org.ar\/?p=3372","title":{"rendered":"Dr. Carlos Alico: &#8220;Tenemos que tomar conciencia de los riesgos de la pandemia&#8221;"},"content":{"rendered":"<p><img decoding=\"async\" class=\"pull-left size-full wp-image-3371\" style=\"margin: 5px;\" src=\"https:\/\/colmedicosantafe1.org.ar\/wp-content\/uploads\/2020\/03\/escafandras-1.jpg\" width=\"200\" srcset=\"https:\/\/colmedicosantafe1.org.ar\/wp-content\/uploads\/2020\/03\/escafandras-1.jpg 1040w, https:\/\/colmedicosantafe1.org.ar\/wp-content\/uploads\/2020\/03\/escafandras-1-300x150.jpg 300w, https:\/\/colmedicosantafe1.org.ar\/wp-content\/uploads\/2020\/03\/escafandras-1-1024x512.jpg 1024w, https:\/\/colmedicosantafe1.org.ar\/wp-content\/uploads\/2020\/03\/escafandras-1-768x384.jpg 768w\" sizes=\"(max-width: 1040px) 100vw, 1040px\" \/>Directivos del Colegio de M\u00e9dicos de Santa Fe, la Asociaci\u00f3n Gremial M\u00e9dica, AMRA y el Subsecretario de Emergencias de la provincia, brindaron una conferencia de prensa donde presentaron el equipo de protecci\u00f3n que deben usar los profesionales de la salud para enfrentar el Coronavirus. &#8220;Este es un llamado a la solidaridad porque tenemos que tomar conciencia de los riesgos de la pandemia&#8221;, sostuvo el Dr. Carlos Alico, presidente de nuestra entidad.<\/p>\n<p><!--more--><\/p>\n<p>Vestidos con trajes y elementos especiales de protecci\u00f3n, los directivos del Colegio de M\u00e9dicos de Santa Fe, Dr. Carlos Alico, de la Asociaci\u00f3n Gremial M\u00e9dica, Dr. Guillermo Taborda, de AMRA Santa Fe, Dr. N\u00e9stor Rossi, y el Subsecretario de Emergencias de la provincia, Dr. Eduardo Wagner, brindaron una conferencia de prensa donde realizaron un &#8220;llamado a la solidaridad&#8221; para que la poblaci\u00f3n tom\u00e9 conciencia de los riesgos de la pandemia de Coronavirus.<\/p>\n<p>En el arranque, el Subsecretario de Emergencias de la provincia, Eduardo Wagner, explic\u00f3 que &#8220;la decisi\u00f3n de mostrarnos as\u00ed, es para llevarle a la poblaci\u00f3n el mensaje que estamos en una situaci\u00f3n muy seria&#8221;.<\/p>\n<p>&#8220;Esto puede causar un impacto visual, pero se trata del equipamiento que utilizan los profesionales de la salud, sobre todo los m\u00e9dicos, que est\u00e1n expuestos a contraer el virus circulante. Para evitar el contagio se hace el aislamiento, y queremos que el ciudadano com\u00fan, el vecino, vi\u00e9ndonos de esta manera entienda que esto es serio. Hay que dejar de andar en las calles, como lo pide la gente que entiende algo de esto&#8221;.<\/p>\n<p>Por su parte, el presidente del Colegio de M\u00e9dicos de Santa Fe, Dr. Carlos Alico, destac\u00f3 la importancia de &#8220;trabajar en conjunto entre el estado, los colegios y las entidades gremiales, para enfrentar esta situaci\u00f3n que genera mucho riesgo para los equipos de salud&#8221;.<\/p>\n<p>Alico remarc\u00f3 que &#8220;con esta manera de presentarnos antes ustedes (los periodistas) estamos haciendo un llamado a la solidaridad a la poblaci\u00f3n, porque tenemos que tomar conciencia de los riesgos de la pandemia y entender que la \u00fanica forma de enfrentar al virus es con el aislamiento social&#8221;.<\/p>\n<p>En el cierre, los directivos de las entidades m\u00e9dicas manifestaron su respaldo a las medidas adoptadas por las autoridades nacionales y provinciales para enfrentar la emergencia sanitaria del Coronavirus.<\/p>\n","protected":false},"excerpt":{"rendered":"<p>Directivos del Colegio de M\u00e9dicos de Santa Fe, la Asociaci\u00f3n Gremial M\u00e9dica, AMRA y el Subsecretario de Emergencias de la provincia, brindaron una conferencia de prensa donde presentaron el equipo de protecci\u00f3n que deben usar los profesionales de la salud para enfrentar el Coronavirus. &#8220;Este es un llamado a la solidaridad porque tenemos que tomar [&hellip;]<\/p>\n","protected":false},"author":1,"featured_media":3371,"comment_status":"open","ping_status":"open","sticky":true,"template":"","format":"standard","meta":{"_uag_custom_page_level_css":"","_jetpack_memberships_contains_paid_content":false,"footnotes":""},"categories":[6],"tags":[],"class_list":["post-3372","post","type-post","status-publish","format-standard","has-post-thumbnail","hentry","category-noticias"],"jetpack_sharing_enabled":true,"jetpack_featured_media_url":"https:\/\/colmedicosantafe1.org.ar\/wp-content\/uploads\/2020\/03\/escafandras-1.jpg","uagb_featured_image_src":{"full":["https:\/\/colmedicosantafe1.org.ar\/wp-content\/uploads\/2020\/03\/escafandras-1.jpg",1040,520,false],"thumbnail":["https:\/\/colmedicosantafe1.org.ar\/wp-content\/uploads\/2020\/03\/escafandras-1-150x150.jpg",150,150,true],"medium":["https:\/\/colmedicosantafe1.org.ar\/wp-content\/uploads\/2020\/03\/escafandras-1-300x150.jpg",300,150,true],"medium_large":["https:\/\/colmedicosantafe1.org.ar\/wp-content\/uploads\/2020\/03\/escafandras-1-768x384.jpg",768,384,true],"large":["https:\/\/colmedicosantafe1.org.ar\/wp-content\/uploads\/2020\/03\/escafandras-1-1024x512.jpg",1024,512,true],"1536x1536":["https:\/\/colmedicosantafe1.org.ar\/wp-content\/uploads\/2020\/03\/escafandras-1.jpg",1040,520,false],"2048x2048":["https:\/\/colmedicosantafe1.org.ar\/wp-content\/uploads\/2020\/03\/escafandras-1.jpg",1040,520,false]},"uagb_author_info":{"display_name":"admin","author_link":"https:\/\/colmedicosantafe1.org.ar\/?author=1"},"uagb_comment_info":0,"uagb_excerpt":"Directivos del Colegio de M\u00e9dicos de Santa Fe, la Asociaci\u00f3n Gremial M\u00e9dica, AMRA y el Subsecretario de Emergencias de la provincia, brindaron una conferencia de prensa donde presentaron el equipo de protecci\u00f3n que deben usar los profesionales de la salud para enfrentar el Coronavirus. &#8220;Este es un llamado a la solidaridad porque tenemos que tomar&hellip;","_links":{"self":[{"href":"https:\/\/colmedicosantafe1.org.ar\/index.php?rest_route=\/wp\/v2\/posts\/3372","targetHints":{"allow":["GET"]}}],"collection":[{"href":"https:\/\/colmedicosantafe1.org.ar\/index.php?rest_route=\/wp\/v2\/posts"}],"about":[{"href":"https:\/\/colmedicosantafe1.org.ar\/index.php?rest_route=\/wp\/v2\/types\/post"}],"author":[{"embeddable":true,"href":"https:\/\/colmedicosantafe1.org.ar\/index.php?rest_route=\/wp\/v2\/users\/1"}],"replies":[{"embeddable":true,"href":"https:\/\/colmedicosantafe1.org.ar\/index.php?rest_route=%2Fwp%2Fv2%2Fcomments&post=3372"}],"version-history":[{"count":0,"href":"https:\/\/colmedicosantafe1.org.ar\/index.php?rest_route=\/wp\/v2\/posts\/3372\/revisions"}],"wp:featuredmedia":[{"embeddable":true,"href":"https:\/\/colmedicosantafe1.org.ar\/index.php?rest_route=\/wp\/v2\/media\/3371"}],"wp:attachment":[{"href":"https:\/\/colmedicosantafe1.org.ar\/index.php?rest_route=%2Fwp%2Fv2%2Fmedia&parent=3372"}],"wp:term":[{"taxonomy":"category","embeddable":true,"href":"https:\/\/colmedicosantafe1.org.ar\/index.php?rest_route=%2Fwp%2Fv2%2Fcategories&post=3372"},{"taxonomy":"post_tag","embeddable":true,"href":"https:\/\/colmedicosantafe1.org.ar\/index.php?rest_route=%2Fwp%2Fv2%2Ftags&post=3372"}],"curies":[{"name":"wp","href":"https:\/\/api.w.org\/{rel}","templated":true}]}}