{"id":3370,"date":"2020-03-16T23:28:34","date_gmt":"2020-03-17T02:28:34","guid":{"rendered":"https:\/\/cmsf.org.ar\/sitio\/?p=3370"},"modified":"2020-03-16T23:28:34","modified_gmt":"2020-03-17T02:28:34","slug":"videoconferencia-coronavirus-actualizacion-de-protocolos","status":"publish","type":"post","link":"https:\/\/colmedicosantafe1.org.ar\/?p=3370","title":{"rendered":"Videoconferencia: Coronavirus &#8211; Actualizaci\u00f3n de protocolos"},"content":{"rendered":"<p><img decoding=\"async\" class=\"pull-left size-full wp-image-3369\" style=\"margin: 5px;\" src=\"https:\/\/colmedicosantafe1.org.ar\/wp-content\/uploads\/2020\/03\/Federico-Detarsio.jpg\" width=\"200\" \/>El pasado jueves 19 de marzo realizamos la videoconferencia &#8220;Coronavirus &#8211; Actualizaci\u00f3n de protocolos&#8221; dictada por el m\u00e9dico infect\u00f3logo Federico Detarsio, integrante de la Direcci\u00f3n Provincial de Epidemiolog\u00eda y de la Sociedad Argentina de Infectolog\u00eda. La actividad fue abierta a todos los interesados y participar\u00f3n m\u00e1s de 200 personas vinculadas al campo de la salud.<\/p>\n<p>Compartimos el <a href=\"https:\/\/www.youtube.com\/watch?v=yrbF9Q4TEPg\">video<\/a> de la disertaci\u00f3n.<\/p>\n<p><!--more--><\/p>\n<p>El pasado jueves 19 de marzo, realizamos la videoconferencia &#8220;Coronavirus &#8211; Actualizaci\u00f3n de protocolos&#8221; dictada por el m\u00e9dico infect\u00f3logo Federico Detarsio, integrante de la Direcci\u00f3n Provincial de Epidemiolog\u00eda y la Sociedad Argentina de Infectolog\u00eda.<\/p>\n<p>Compartimos en este enlace la disertaci\u00f3n completa.<\/p>\n<p>{youtube}yrbF9Q4TEPg{\/youtube}<\/p>\n<p>\u00a0<\/p>\n","protected":false},"excerpt":{"rendered":"<p>El pasado jueves 19 de marzo realizamos la videoconferencia &#8220;Coronavirus &#8211; Actualizaci\u00f3n de protocolos&#8221; dictada por el m\u00e9dico infect\u00f3logo Federico Detarsio, integrante de la Direcci\u00f3n Provincial de Epidemiolog\u00eda y de la Sociedad Argentina de Infectolog\u00eda. La actividad fue abierta a todos los interesados y participar\u00f3n m\u00e1s de 200 personas vinculadas al campo de la salud. [&hellip;]<\/p>\n","protected":false},"author":1,"featured_media":3369,"comment_status":"open","ping_status":"open","sticky":true,"template":"","format":"standard","meta":{"_uag_custom_page_level_css":"","_jetpack_memberships_contains_paid_content":false,"footnotes":""},"categories":[6],"tags":[],"class_list":["post-3370","post","type-post","status-publish","format-standard","has-post-thumbnail","hentry","category-noticias"],"jetpack_sharing_enabled":true,"jetpack_featured_media_url":"https:\/\/colmedicosantafe1.org.ar\/wp-content\/uploads\/2020\/03\/Federico-Detarsio.jpg","uagb_featured_image_src":{"full":["https:\/\/colmedicosantafe1.org.ar\/wp-content\/uploads\/2020\/03\/Federico-Detarsio.jpg",301,167,false],"thumbnail":["https:\/\/colmedicosantafe1.org.ar\/wp-content\/uploads\/2020\/03\/Federico-Detarsio-150x150.jpg",150,150,true],"medium":["https:\/\/colmedicosantafe1.org.ar\/wp-content\/uploads\/2020\/03\/Federico-Detarsio.jpg",300,166,false],"medium_large":["https:\/\/colmedicosantafe1.org.ar\/wp-content\/uploads\/2020\/03\/Federico-Detarsio.jpg",301,167,false],"large":["https:\/\/colmedicosantafe1.org.ar\/wp-content\/uploads\/2020\/03\/Federico-Detarsio.jpg",301,167,false],"1536x1536":["https:\/\/colmedicosantafe1.org.ar\/wp-content\/uploads\/2020\/03\/Federico-Detarsio.jpg",301,167,false],"2048x2048":["https:\/\/colmedicosantafe1.org.ar\/wp-content\/uploads\/2020\/03\/Federico-Detarsio.jpg",301,167,false]},"uagb_author_info":{"display_name":"admin","author_link":"https:\/\/colmedicosantafe1.org.ar\/?author=1"},"uagb_comment_info":0,"uagb_excerpt":"El pasado jueves 19 de marzo realizamos la videoconferencia &#8220;Coronavirus &#8211; Actualizaci\u00f3n de protocolos&#8221; dictada por el m\u00e9dico infect\u00f3logo Federico Detarsio, integrante de la Direcci\u00f3n Provincial de Epidemiolog\u00eda y de la Sociedad Argentina de Infectolog\u00eda. La actividad fue abierta a todos los interesados y participar\u00f3n m\u00e1s de 200 personas vinculadas al campo de la salud.&hellip;","_links":{"self":[{"href":"https:\/\/colmedicosantafe1.org.ar\/index.php?rest_route=\/wp\/v2\/posts\/3370","targetHints":{"allow":["GET"]}}],"collection":[{"href":"https:\/\/colmedicosantafe1.org.ar\/index.php?rest_route=\/wp\/v2\/posts"}],"about":[{"href":"https:\/\/colmedicosantafe1.org.ar\/index.php?rest_route=\/wp\/v2\/types\/post"}],"author":[{"embeddable":true,"href":"https:\/\/colmedicosantafe1.org.ar\/index.php?rest_route=\/wp\/v2\/users\/1"}],"replies":[{"embeddable":true,"href":"https:\/\/colmedicosantafe1.org.ar\/index.php?rest_route=%2Fwp%2Fv2%2Fcomments&post=3370"}],"version-history":[{"count":0,"href":"https:\/\/colmedicosantafe1.org.ar\/index.php?rest_route=\/wp\/v2\/posts\/3370\/revisions"}],"wp:featuredmedia":[{"embeddable":true,"href":"https:\/\/colmedicosantafe1.org.ar\/index.php?rest_route=\/wp\/v2\/media\/3369"}],"wp:attachment":[{"href":"https:\/\/colmedicosantafe1.org.ar\/index.php?rest_route=%2Fwp%2Fv2%2Fmedia&parent=3370"}],"wp:term":[{"taxonomy":"category","embeddable":true,"href":"https:\/\/colmedicosantafe1.org.ar\/index.php?rest_route=%2Fwp%2Fv2%2Fcategories&post=3370"},{"taxonomy":"post_tag","embeddable":true,"href":"https:\/\/colmedicosantafe1.org.ar\/index.php?rest_route=%2Fwp%2Fv2%2Ftags&post=3370"}],"curies":[{"name":"wp","href":"https:\/\/api.w.org\/{rel}","templated":true}]}}