{"id":3363,"date":"2020-03-11T15:31:37","date_gmt":"2020-03-11T18:31:37","guid":{"rendered":"https:\/\/cmsf.org.ar\/sitio\/?p=3363"},"modified":"2020-03-11T15:31:37","modified_gmt":"2020-03-11T18:31:37","slug":"curso-de-bioseguridad-en-el-uso-de-laser-y-luz-pulsada-2020","status":"publish","type":"post","link":"https:\/\/colmedicosantafe1.org.ar\/?p=3363","title":{"rendered":"Curso de Bioseguridad en el uso de L\u00e1ser y Luz Pulsada 2020"},"content":{"rendered":"<p><img decoding=\"async\" class=\"pull-left size-full wp-image-2390\" style=\"margin: 5px;\" src=\"https:\/\/colmedicosantafe1.org.ar\/wp-content\/uploads\/2016\/04\/Laser.jpg\" width=\"200\" \/>El viernes 29 de mayo se dictar\u00e1 el curso \u201cBioseguridad en el uso de L\u00e1ser y Luz Pulsada\u201d edici\u00f3n 2020. La actividad es organizada por el Colegio de M\u00e9dicos de Santa Fe y la Direcci\u00f3n de Auditoria M\u00e9dica y Radiof\u00edsica Sanitaria del Ministerio de Salud de la provincia. Se otorgar\u00e1n certificados de validez nacional necesarios para el tr\u00e1mite de habilitaci\u00f3n ante las autoridades sanitarias.<\/p>\n<p><!--more--><\/p>\n<p>\u00a0<\/p>\n<p>\u00a0<\/p>\n<p>Se encuentra abierta la inscripci\u00f3n al curso \u201cBioseguridad en el uso de L\u00e1ser y Luz Pulsada\u201d, edici\u00f3n 2020, organizado por el Colegio de M\u00e9dicos de Santa Fe y la Direcci\u00f3n de Auditoria M\u00e9dica y Radiof\u00edsica Sanitaria del Ministerio de Salud de la Provincia de Santa Fe.<\/p>\n<p>La actividad se desarrollar\u00e1 el viernes 29 de mayo del corriente a\u00f1o, en el auditorio de nuestra instituci\u00f3n, en calle 9 de Julio 2464 de la ciudad de Santa Fe.<\/p>\n<p>Este curso tiene car\u00e1cter obligatorio para los profesionales m\u00e9dicos que utilicen L\u00e1ser y Luz Pulsada.<\/p>\n<p>Se otorgar\u00e1n certificados de validez nacional que ser\u00e1n indispensables para gestionar la habilitaci\u00f3n definitiva emitida por el Ministerio de Salud seg\u00fan lo establecido por las resoluciones 1271\/01 y 203\/95.<\/p>\n<p><strong>Programa\u00a0\u00a0\u00a0\u00a0\u00a0\u00a0\u00a0\u00a0\u00a0\u00a0\u00a0\u00a0\u00a0\u00a0\u00a0\u00a0\u00a0\u00a0\u00a0\u00a0\u00a0\u00a0\u00a0\u00a0\u00a0\u00a0 <\/strong><\/p>\n<p><strong>Viernes 29 de mayo de 2020<\/strong><\/p>\n<p><strong>8.30 a 10.00 horas.<\/strong><\/p>\n<p>&#8211; Introducci\u00f3n a los conceptos de l\u00e1ser y luz pulsada.<\/p>\n<p>&#8211; Radiaciones en el espectro electromagn\u00e9tico.<\/p>\n<p>&#8211; Fisicoqu\u00edmica del funcionamiento del Laser y Luz Pulsada.<\/p>\n<p>Disertante Ing. Carlos E. Caspani.<\/p>\n<p><strong>10.00 a 10.30 horas Break.<\/strong><\/p>\n<p><strong>10.30 a 11.30 horas.<\/strong><\/p>\n<p>&#8211; Interacci\u00f3n Radiaci\u00f3n L\u00e1ser \/ Luz Pulsada con la materia.<\/p>\n<p>&#8211; Efectos biol\u00f3gicos adversos y Bioseguridad L\u00e1ser.<\/p>\n<p>Disertante Ing. Carlos E. Caspani.<\/p>\n<p><strong>11.30 a 12.00 horas.<\/strong><\/p>\n<p>&#8211; Usos de laser en medicina.<\/p>\n<p>&#8211; Componentes y caracter\u00edstica de los equipos.<\/p>\n<p>Disertante Ing. Carlos E. Caspani.<\/p>\n<p><strong>12.00 a 13.00 horas. Break.<\/strong><\/p>\n<p><strong>13.00 a 14.00 horas<\/strong>.<\/p>\n<p>&#8211; Est\u00e1ndares de Seguridad y Normas de protecci\u00f3n en aplicaciones L\u00e1ser.<\/p>\n<p>&#8211; Recomendaciones Internacionales. Aspectos normativos y legales.<\/p>\n<p>&#8211; Resoluciones 1271\/01 y 203\/95 Ministerio de Salud.<\/p>\n<p>Disertante Bioingeniero Fernando Ferrari e Ing. Carlos A. Caspani.<\/p>\n<p><strong>14.00 a 14.30 horas.<\/strong><\/p>\n<p>&#8211; Requisitos para la instalaci\u00f3n y uso de L\u00e1seres. Habilitaciones. Autorizaciones de uso de equipos Laser en Oftalmolog\u00eda, Dermatolog\u00eda, Cirug\u00eda Pl\u00e1stica y Medicina Est\u00e9tica.<\/p>\n<p>&#8211; Tr\u00e1mites administrativos.<\/p>\n<p>Disertante Biongeniero Fernando Ferrari e Ing. Carlos A. Caspani.<\/p>\n<p><strong>14.30 a 15.00 horas.<\/strong><\/p>\n<p>&#8211; Evaluaci\u00f3n Final.<\/p>\n<p>Se otorgar\u00e1n certificados de validez nacional obligatorios para realizar el tr\u00e1mite de habilitaci\u00f3n definitiva ante el Ministerio de Salud. Resoluciones 1271\/01 y 203\/95.<\/p>\n<p><strong>Informes e Inscripci\u00f3n<\/strong><\/p>\n<p>Colegio de M\u00e9dicos de Santa Fe &#8211; 1\u00ba Circunscripci\u00f3n<\/p>\n<p>9 de Julio 2464. Ciudad de Santa Fe. \u00a0\u00a0\u00a0\u00a0\u00a0\u00a0\u00a0\u00a0\u00a0\u00a0\u00a0\u00a0\u00a0\u00a0\u00a0\u00a0\u00a0\u00a0\u00a0\u00a0\u00a0<\/p>\n<p>Tel\u00e9fono: 0342 4520176. Interno 7\u00a0\u00a0\u00a0\u00a0\u00a0\u00a0\u00a0\u00a0\u00a0<\/p>\n<p>Correo electr\u00f3nico: marianam@cmsf.org.ar\u00a0\u00a0\u00a0\u00a0\u00a0<\/p>\n<p>\u00a0<\/p>\n","protected":false},"excerpt":{"rendered":"<p>El viernes 29 de mayo se dictar\u00e1 el curso \u201cBioseguridad en el uso de L\u00e1ser y Luz Pulsada\u201d edici\u00f3n 2020. La actividad es organizada por el Colegio de M\u00e9dicos de Santa Fe y la Direcci\u00f3n de Auditoria M\u00e9dica y Radiof\u00edsica Sanitaria del Ministerio de Salud de la provincia. Se otorgar\u00e1n certificados de validez nacional necesarios [&hellip;]<\/p>\n","protected":false},"author":1,"featured_media":2390,"comment_status":"open","ping_status":"open","sticky":true,"template":"","format":"standard","meta":{"_uag_custom_page_level_css":"","_jetpack_memberships_contains_paid_content":false,"footnotes":""},"categories":[6],"tags":[],"class_list":["post-3363","post","type-post","status-publish","format-standard","has-post-thumbnail","hentry","category-noticias"],"jetpack_sharing_enabled":true,"jetpack_featured_media_url":"https:\/\/colmedicosantafe1.org.ar\/wp-content\/uploads\/2016\/04\/Laser.jpg","uagb_featured_image_src":{"full":["https:\/\/colmedicosantafe1.org.ar\/wp-content\/uploads\/2016\/04\/Laser.jpg",300,200,false],"thumbnail":["https:\/\/colmedicosantafe1.org.ar\/wp-content\/uploads\/2016\/04\/Laser-150x150.jpg",150,150,true],"medium":["https:\/\/colmedicosantafe1.org.ar\/wp-content\/uploads\/2016\/04\/Laser.jpg",300,200,false],"medium_large":["https:\/\/colmedicosantafe1.org.ar\/wp-content\/uploads\/2016\/04\/Laser.jpg",300,200,false],"large":["https:\/\/colmedicosantafe1.org.ar\/wp-content\/uploads\/2016\/04\/Laser.jpg",300,200,false],"1536x1536":["https:\/\/colmedicosantafe1.org.ar\/wp-content\/uploads\/2016\/04\/Laser.jpg",300,200,false],"2048x2048":["https:\/\/colmedicosantafe1.org.ar\/wp-content\/uploads\/2016\/04\/Laser.jpg",300,200,false]},"uagb_author_info":{"display_name":"admin","author_link":"https:\/\/colmedicosantafe1.org.ar\/?author=1"},"uagb_comment_info":0,"uagb_excerpt":"El viernes 29 de mayo se dictar\u00e1 el curso \u201cBioseguridad en el uso de L\u00e1ser y Luz Pulsada\u201d edici\u00f3n 2020. La actividad es organizada por el Colegio de M\u00e9dicos de Santa Fe y la Direcci\u00f3n de Auditoria M\u00e9dica y Radiof\u00edsica Sanitaria del Ministerio de Salud de la provincia. Se otorgar\u00e1n certificados de validez nacional necesarios&hellip;","_links":{"self":[{"href":"https:\/\/colmedicosantafe1.org.ar\/index.php?rest_route=\/wp\/v2\/posts\/3363","targetHints":{"allow":["GET"]}}],"collection":[{"href":"https:\/\/colmedicosantafe1.org.ar\/index.php?rest_route=\/wp\/v2\/posts"}],"about":[{"href":"https:\/\/colmedicosantafe1.org.ar\/index.php?rest_route=\/wp\/v2\/types\/post"}],"author":[{"embeddable":true,"href":"https:\/\/colmedicosantafe1.org.ar\/index.php?rest_route=\/wp\/v2\/users\/1"}],"replies":[{"embeddable":true,"href":"https:\/\/colmedicosantafe1.org.ar\/index.php?rest_route=%2Fwp%2Fv2%2Fcomments&post=3363"}],"version-history":[{"count":0,"href":"https:\/\/colmedicosantafe1.org.ar\/index.php?rest_route=\/wp\/v2\/posts\/3363\/revisions"}],"wp:featuredmedia":[{"embeddable":true,"href":"https:\/\/colmedicosantafe1.org.ar\/index.php?rest_route=\/wp\/v2\/media\/2390"}],"wp:attachment":[{"href":"https:\/\/colmedicosantafe1.org.ar\/index.php?rest_route=%2Fwp%2Fv2%2Fmedia&parent=3363"}],"wp:term":[{"taxonomy":"category","embeddable":true,"href":"https:\/\/colmedicosantafe1.org.ar\/index.php?rest_route=%2Fwp%2Fv2%2Fcategories&post=3363"},{"taxonomy":"post_tag","embeddable":true,"href":"https:\/\/colmedicosantafe1.org.ar\/index.php?rest_route=%2Fwp%2Fv2%2Ftags&post=3363"}],"curies":[{"name":"wp","href":"https:\/\/api.w.org\/{rel}","templated":true}]}}