{"id":3361,"date":"2020-02-21T20:23:19","date_gmt":"2020-02-21T23:23:19","guid":{"rendered":"https:\/\/cmsf.org.ar\/sitio\/?p=3361"},"modified":"2020-02-21T20:23:19","modified_gmt":"2020-02-21T23:23:19","slug":"vuelve-el-cafe-filosofico-del-colegio-de-medicos-2","status":"publish","type":"post","link":"https:\/\/colmedicosantafe1.org.ar\/?p=3361","title":{"rendered":"Vuelve el Caf\u00e9 Filos\u00f3fico del Colegio de M\u00e9dicos"},"content":{"rendered":"<p><img decoding=\"async\" class=\"pull-left size-full wp-image-3360\" style=\"margin: 5px;\" src=\"https:\/\/colmedicosantafe1.org.ar\/wp-content\/uploads\/2020\/02\/Cafe_Filosfico.jpg\" width=\"200\" srcset=\"https:\/\/colmedicosantafe1.org.ar\/wp-content\/uploads\/2020\/02\/Cafe_Filosfico.jpg 960w, https:\/\/colmedicosantafe1.org.ar\/wp-content\/uploads\/2020\/02\/Cafe_Filosfico-300x176.jpg 300w, https:\/\/colmedicosantafe1.org.ar\/wp-content\/uploads\/2020\/02\/Cafe_Filosfico-768x450.jpg 768w\" sizes=\"(max-width: 960px) 100vw, 960px\" \/>El\u00a0 21 de abril comenzar\u00e1 el ciclo 2020 del &#8220;Caf\u00e9 Filos\u00f3fico&#8221; organizado por el Colegio de M\u00e9dicos de Santa Fe. Se trata de un espacio para la reflexi\u00f3n y el di\u00e1logo coordinado por el Doctor en Filosof\u00eda Federico Viola. La actividad es abierta a todo p\u00fablico y se entregan certificados de asistencia.<\/p>\n<p><!--more--><\/p>\n<p>\u00a0<\/p>\n<p>\u00a0<\/p>\n<p>Por quinto a\u00f1o consecutivo, el Colegio de M\u00e9dicos de Santa Fe organiza este encuentro para la reflexi\u00f3n y el dialogo denominado Caf\u00e9 Filos\u00f3fico, coordinado por el Doctor en Filosof\u00eda Federico Viola.<\/p>\n<p>Vale recordar al fil\u00f3sofo griego S\u00f3crates, quien ten\u00eda una nefasta costumbre. Sol\u00eda pasearse por las calles de Atenas y cuando se encontraba a un paisano, le asediaba con sus insistentes preguntas \u00bfC\u00f3mo sabes que tu acci\u00f3n es correcta? \u00bfA qu\u00e9 llamas tu ser valiente? \u00bfQu\u00e9 es la justicia? \u00bfC\u00f3mo sabes lo que sabes? Se consideraba un t\u00e1bano que picaba para despertar al caballo somnoliento que era Atenas. Y les molest\u00f3 tanto que los atenienses decidieron condenarle a muerte en el a\u00f1o 399 AC.<\/p>\n<p>La pr\u00e1ctica filos\u00f3fica contin\u00faa en nuestros tiempos, y por ello, siguiendo al fil\u00f3sofo franc\u00e9s Marc Sautet &#8211; creador de los caf\u00e9s filos\u00f3ficos en Paris en 1992 &#8211; venimos desarrollando un Caf\u00e9 Filos\u00f3fico en nuestro Colegio los segundos martes de cada mes. Se trata de un espacio de reflexi\u00f3n y di\u00e1logo abierto a toda la comunidad en el que se proponen temas diversos y ejercitamos el \u201carte de preguntar\u201d, coordinados por el Doctor en Filosof\u00eda Federico Viola, con el apoyo de medios audiovisuales y escritos.<\/p>\n<p>El primer encuentro de este a\u00f1o ser\u00e1 el 21 de abril a las 20:00 horas: El tema a reflexionar ser\u00e1: \u201cLa imposibilidad de dar y el don como acontecimiento\u201d.<\/p>\n<p>Se entregan certificados de asistencia.<\/p>\n<p><strong>Federico Viola<\/strong><\/p>\n<p>Doctor en Filosof\u00eda (Universidad de Friburgo, Alemania), Licenciado en Filosof\u00eda (UNL, Argentina), Profesor en Ense\u00f1anza Cristiana y Filosof\u00eda (Instituto San Juan de Avila, Santa. Fe, Argentina). Entre 2013 y 2015 Docente en la Universidad de Friburgo. Autor del libro \u201cDer Kairos der Liebe. Das Konzept der Gerechtigkeit bei Emmanuel Levinas\u201d y de otras publicaciones acad\u00e9micas aparecidas en revistas cient\u00edficas de Europa y Am\u00e9rica Latina. \u00c1reas de inter\u00e9s: \u00c9tica, Teor\u00eda de la justicia, Filosof\u00eda del lenguaje, Nuevas tecnolog\u00edas, TICs, Educaci\u00f3n e inform\u00e1tica.<\/p>\n<p><strong>Fechas de los encuentros<\/strong><\/p>\n<p>Martes 21 de abril.<\/p>\n<p>Martes 12 de mayo.<\/p>\n<p>Martes 9 de junio.<\/p>\n<p>Martes 14 de julio.<\/p>\n<p>Martes 11 de agosto.<\/p>\n<p>Martes 8 de septiembre.<\/p>\n<p>Martes 13 de octubre.<\/p>\n<p>Martes 10 de noviembre.<\/p>\n<p><strong>Informes\u00a0\u00a0\u00a0\u00a0\u00a0\u00a0\u00a0\u00a0\u00a0\u00a0\u00a0\u00a0 <\/strong><\/p>\n<p>Colegio de M\u00e9dicos 1\u00b0 Circunscripci\u00f3n<\/p>\n<p>9 de Julio 2464 \u2013 Santa Fe<\/p>\n<p>Lunes a viernes de 8:00 a 12:30 horas.<\/p>\n<p>Tel\u00e9fono: 0342-4520182 interno 7<\/p>\n","protected":false},"excerpt":{"rendered":"<p>El\u00a0 21 de abril comenzar\u00e1 el ciclo 2020 del &#8220;Caf\u00e9 Filos\u00f3fico&#8221; organizado por el Colegio de M\u00e9dicos de Santa Fe. Se trata de un espacio para la reflexi\u00f3n y el di\u00e1logo coordinado por el Doctor en Filosof\u00eda Federico Viola. La actividad es abierta a todo p\u00fablico y se entregan certificados de asistencia.<\/p>\n","protected":false},"author":1,"featured_media":3360,"comment_status":"open","ping_status":"open","sticky":true,"template":"","format":"standard","meta":{"_uag_custom_page_level_css":"","_jetpack_memberships_contains_paid_content":false,"footnotes":""},"categories":[6],"tags":[],"class_list":["post-3361","post","type-post","status-publish","format-standard","has-post-thumbnail","hentry","category-noticias"],"jetpack_sharing_enabled":true,"jetpack_featured_media_url":"https:\/\/colmedicosantafe1.org.ar\/wp-content\/uploads\/2020\/02\/Cafe_Filosfico.jpg","uagb_featured_image_src":{"full":["https:\/\/colmedicosantafe1.org.ar\/wp-content\/uploads\/2020\/02\/Cafe_Filosfico.jpg",960,563,false],"thumbnail":["https:\/\/colmedicosantafe1.org.ar\/wp-content\/uploads\/2020\/02\/Cafe_Filosfico-150x150.jpg",150,150,true],"medium":["https:\/\/colmedicosantafe1.org.ar\/wp-content\/uploads\/2020\/02\/Cafe_Filosfico-300x176.jpg",300,176,true],"medium_large":["https:\/\/colmedicosantafe1.org.ar\/wp-content\/uploads\/2020\/02\/Cafe_Filosfico-768x450.jpg",768,450,true],"large":["https:\/\/colmedicosantafe1.org.ar\/wp-content\/uploads\/2020\/02\/Cafe_Filosfico.jpg",960,563,false],"1536x1536":["https:\/\/colmedicosantafe1.org.ar\/wp-content\/uploads\/2020\/02\/Cafe_Filosfico.jpg",960,563,false],"2048x2048":["https:\/\/colmedicosantafe1.org.ar\/wp-content\/uploads\/2020\/02\/Cafe_Filosfico.jpg",960,563,false]},"uagb_author_info":{"display_name":"admin","author_link":"https:\/\/colmedicosantafe1.org.ar\/?author=1"},"uagb_comment_info":0,"uagb_excerpt":"El\u00a0 21 de abril comenzar\u00e1 el ciclo 2020 del &#8220;Caf\u00e9 Filos\u00f3fico&#8221; organizado por el Colegio de M\u00e9dicos de Santa Fe. Se trata de un espacio para la reflexi\u00f3n y el di\u00e1logo coordinado por el Doctor en Filosof\u00eda Federico Viola. La actividad es abierta a todo p\u00fablico y se entregan certificados de asistencia.","_links":{"self":[{"href":"https:\/\/colmedicosantafe1.org.ar\/index.php?rest_route=\/wp\/v2\/posts\/3361","targetHints":{"allow":["GET"]}}],"collection":[{"href":"https:\/\/colmedicosantafe1.org.ar\/index.php?rest_route=\/wp\/v2\/posts"}],"about":[{"href":"https:\/\/colmedicosantafe1.org.ar\/index.php?rest_route=\/wp\/v2\/types\/post"}],"author":[{"embeddable":true,"href":"https:\/\/colmedicosantafe1.org.ar\/index.php?rest_route=\/wp\/v2\/users\/1"}],"replies":[{"embeddable":true,"href":"https:\/\/colmedicosantafe1.org.ar\/index.php?rest_route=%2Fwp%2Fv2%2Fcomments&post=3361"}],"version-history":[{"count":0,"href":"https:\/\/colmedicosantafe1.org.ar\/index.php?rest_route=\/wp\/v2\/posts\/3361\/revisions"}],"wp:featuredmedia":[{"embeddable":true,"href":"https:\/\/colmedicosantafe1.org.ar\/index.php?rest_route=\/wp\/v2\/media\/3360"}],"wp:attachment":[{"href":"https:\/\/colmedicosantafe1.org.ar\/index.php?rest_route=%2Fwp%2Fv2%2Fmedia&parent=3361"}],"wp:term":[{"taxonomy":"category","embeddable":true,"href":"https:\/\/colmedicosantafe1.org.ar\/index.php?rest_route=%2Fwp%2Fv2%2Fcategories&post=3361"},{"taxonomy":"post_tag","embeddable":true,"href":"https:\/\/colmedicosantafe1.org.ar\/index.php?rest_route=%2Fwp%2Fv2%2Ftags&post=3361"}],"curies":[{"name":"wp","href":"https:\/\/api.w.org\/{rel}","templated":true}]}}