{"id":2718,"date":"2013-09-09T06:16:55","date_gmt":"2013-09-09T09:16:55","guid":{"rendered":"https:\/\/cmsf.org.ar\/sitio\/?p=2718"},"modified":"2013-09-09T06:16:55","modified_gmt":"2013-09-09T09:16:55","slug":"preocupacion-del-colegio-de-medicos-por-agresiones-en-el-hospital-cullen","status":"publish","type":"post","link":"https:\/\/colmedicosantafe1.org.ar\/?p=2718","title":{"rendered":"Preocupaci\u00f3n por agresiones en el Hospital Cullen"},"content":{"rendered":"<p><img loading=\"lazy\" decoding=\"async\" class=\" alignleft size-full wp-image-2388\" style=\"margin: 5px; float: left;\" src=\"https:\/\/colmedicosantafe1.org.ar\/wp-content\/uploads\/2016\/04\/Hospital_Cullen.jpg\" alt=\"Hospital Cullen\" width=\"200\" height=\"134\" srcset=\"https:\/\/colmedicosantafe1.org.ar\/wp-content\/uploads\/2016\/04\/Hospital_Cullen.jpg 800w, https:\/\/colmedicosantafe1.org.ar\/wp-content\/uploads\/2016\/04\/Hospital_Cullen-300x199.jpg 300w, https:\/\/colmedicosantafe1.org.ar\/wp-content\/uploads\/2016\/04\/Hospital_Cullen-768x510.jpg 768w\" sizes=\"auto, (max-width: 200px) 100vw, 200px\" \/>La Mesa Directiva del Colegio de M\u00e9dicos de Santa Fe manifiesta su preocupaci\u00f3n por las agresiones recibidas por m\u00e9dico en formaci\u00f3n que se desempe\u00f1a en el Hospital Cullen. La entidad advierte que las situaciones de violencia comprometen la prestaci\u00f3n del servicio de salud y exige respuestas de las autoridades sanitarias.<\/p>\n<p><!--more--><\/p>\n<p>&nbsp;<\/p>\n<p>El pasado s\u00e1bado 7 de septiembre, un m\u00e9dico en formaci\u00f3n fue agredido por familiares de un paciente en el Hospital Cullen de la ciudad de Santa Fe. Luego del episodio la Mesa Directiva del Colegio de M\u00e9dicos se reuni\u00f3 con el director del establecimiento para interiorizarse de la situaci\u00f3n y reiterar la necesidad de adoptar medidas de fondo que eviten estas lamentables situaciones de violencia.<\/p>\n<p>&nbsp;<\/p>\n<p>Asimismo, el Dr. Jos\u00e9 Mar\u00eda Albrecht (presidente de la entidad colegiada) acerc\u00f3 su solidaridad con el profesional de la salud agredido.<\/p>\n<p>&nbsp;<\/p>\n<p>Frente a la reiteraci\u00f3n de estos episodios el Colegio de M\u00e9dicos de Santa Fe reclama de las autoridades la adopci\u00f3n de medidas que garanticen la prestaci\u00f3n del servicio de salud en condiciones de seguridad.<\/p>\n<p>&nbsp;<\/p>\n<p>Finalmente, la entidad destaca el compromiso que los profesionales m\u00e9dicos y dem\u00e1s integrantes de los equipos de salud ponen de manifiesto a diario para brindarle a la poblaci\u00f3n santafesina un servicio adecuado a sus requerimientos; advirtiendo, que la reiteraci\u00f3n de estas situaciones de violencia terminaran afectando seriamente el logro de estos objetivos.<\/p>\n<p>&nbsp;<\/p>\n","protected":false},"excerpt":{"rendered":"<p>La Mesa Directiva del Colegio de M\u00e9dicos de Santa Fe manifiesta su preocupaci\u00f3n por las agresiones recibidas por m\u00e9dico en formaci\u00f3n que se desempe\u00f1a en el Hospital Cullen. La entidad advierte que las situaciones de violencia comprometen la prestaci\u00f3n del servicio de salud y exige respuestas de las autoridades sanitarias.<\/p>\n","protected":false},"author":1,"featured_media":2388,"comment_status":"open","ping_status":"open","sticky":true,"template":"","format":"standard","meta":{"_uag_custom_page_level_css":"","_jetpack_memberships_contains_paid_content":false,"footnotes":""},"categories":[6],"tags":[],"class_list":["post-2718","post","type-post","status-publish","format-standard","has-post-thumbnail","hentry","category-noticias"],"jetpack_sharing_enabled":true,"jetpack_featured_media_url":"https:\/\/colmedicosantafe1.org.ar\/wp-content\/uploads\/2016\/04\/Hospital_Cullen.jpg","uagb_featured_image_src":{"full":["https:\/\/colmedicosantafe1.org.ar\/wp-content\/uploads\/2016\/04\/Hospital_Cullen.jpg",800,531,false],"thumbnail":["https:\/\/colmedicosantafe1.org.ar\/wp-content\/uploads\/2016\/04\/Hospital_Cullen-150x150.jpg",150,150,true],"medium":["https:\/\/colmedicosantafe1.org.ar\/wp-content\/uploads\/2016\/04\/Hospital_Cullen-300x199.jpg",300,199,true],"medium_large":["https:\/\/colmedicosantafe1.org.ar\/wp-content\/uploads\/2016\/04\/Hospital_Cullen-768x510.jpg",768,510,true],"large":["https:\/\/colmedicosantafe1.org.ar\/wp-content\/uploads\/2016\/04\/Hospital_Cullen.jpg",800,531,false],"1536x1536":["https:\/\/colmedicosantafe1.org.ar\/wp-content\/uploads\/2016\/04\/Hospital_Cullen.jpg",800,531,false],"2048x2048":["https:\/\/colmedicosantafe1.org.ar\/wp-content\/uploads\/2016\/04\/Hospital_Cullen.jpg",800,531,false]},"uagb_author_info":{"display_name":"admin","author_link":"https:\/\/colmedicosantafe1.org.ar\/?author=1"},"uagb_comment_info":0,"uagb_excerpt":"La Mesa Directiva del Colegio de M\u00e9dicos de Santa Fe manifiesta su preocupaci\u00f3n por las agresiones recibidas por m\u00e9dico en formaci\u00f3n que se desempe\u00f1a en el Hospital Cullen. La entidad advierte que las situaciones de violencia comprometen la prestaci\u00f3n del servicio de salud y exige respuestas de las autoridades sanitarias.","_links":{"self":[{"href":"https:\/\/colmedicosantafe1.org.ar\/index.php?rest_route=\/wp\/v2\/posts\/2718","targetHints":{"allow":["GET"]}}],"collection":[{"href":"https:\/\/colmedicosantafe1.org.ar\/index.php?rest_route=\/wp\/v2\/posts"}],"about":[{"href":"https:\/\/colmedicosantafe1.org.ar\/index.php?rest_route=\/wp\/v2\/types\/post"}],"author":[{"embeddable":true,"href":"https:\/\/colmedicosantafe1.org.ar\/index.php?rest_route=\/wp\/v2\/users\/1"}],"replies":[{"embeddable":true,"href":"https:\/\/colmedicosantafe1.org.ar\/index.php?rest_route=%2Fwp%2Fv2%2Fcomments&post=2718"}],"version-history":[{"count":0,"href":"https:\/\/colmedicosantafe1.org.ar\/index.php?rest_route=\/wp\/v2\/posts\/2718\/revisions"}],"wp:featuredmedia":[{"embeddable":true,"href":"https:\/\/colmedicosantafe1.org.ar\/index.php?rest_route=\/wp\/v2\/media\/2388"}],"wp:attachment":[{"href":"https:\/\/colmedicosantafe1.org.ar\/index.php?rest_route=%2Fwp%2Fv2%2Fmedia&parent=2718"}],"wp:term":[{"taxonomy":"category","embeddable":true,"href":"https:\/\/colmedicosantafe1.org.ar\/index.php?rest_route=%2Fwp%2Fv2%2Fcategories&post=2718"},{"taxonomy":"post_tag","embeddable":true,"href":"https:\/\/colmedicosantafe1.org.ar\/index.php?rest_route=%2Fwp%2Fv2%2Ftags&post=2718"}],"curies":[{"name":"wp","href":"https:\/\/api.w.org\/{rel}","templated":true}]}}