{"id":1984,"date":"2025-01-08T12:28:06","date_gmt":"2025-01-08T15:28:06","guid":{"rendered":"https:\/\/cmsf.org.ar\/sitio\/?p=1984"},"modified":"2025-01-08T13:04:33","modified_gmt":"2025-01-08T16:04:33","slug":"hablemos-sobre-qdenga-todo-sobre-vacuna-contra-el-dengue","status":"publish","type":"post","link":"https:\/\/colmedicosantafe1.org.ar\/?p=1984","title":{"rendered":"Hablemos sobre Qdenga: todo sobre vacuna contra el dengue"},"content":{"rendered":"\n<p class=\"has-small-font-size\" style=\"margin-top:var(--wp--preset--spacing--10);margin-bottom:var(--wp--preset--spacing--10)\">El pr\u00f3ximo 15 de agosto el Colegio de M\u00e9dicos de Santa Fe organiza un encuentro webinario donde se abordar\u00e1 el tema: Hablemos sobre Qdenga: todo sobre vacuna contra el dengue. La disertaci\u00f3n estar\u00e1 a cargo de la Dra. Maria Andrea Uboldi. Ser\u00e1 a trav\u00e9s de la plataforma Zoom de nuestra instituci\u00f3n. Acceso libre con inscripci\u00f3n previa en la web.\u00a0<br>\u00a0<br>El jueves 15\u00a0 de agosto, a las 20 horas, se realizar\u00e1 un encuentro webinario organizado por el Colegio de M\u00e9dicos de Santa Fe, donde se abordar\u00e1 el tema: Hablemos sobre Qdenga: todo sobre vacuna contra el dengue.\u2028\u2028OBJETIVOS:<br>Desarrollar una puesta al d\u00eda de la evidencia sobre la vacuna de Dengue Qdenga<br>Reflexionar sobre los puntos de incertidumbre.<br>Evaluar las recomendaciones individuales en la pr\u00e1ctica diaria.<br>Analizar los factores a considerar para la implementaci\u00f3n como una estrategia<br>integrada de salud p\u00fablica.<br><\/p>\n\n\n\n<div class=\"wp-block-uagb-buttons uagb-buttons__outer-wrap uagb-btn__default-btn uagb-btn-tablet__default-btn uagb-btn-mobile__default-btn uagb-block-72c3a681\"><div class=\"uagb-buttons__wrap uagb-buttons-layout-wrap \">\n<div class=\"wp-block-uagb-buttons-child uagb-buttons__outer-wrap uagb-block-838d44be wp-block-button\"><div class=\"uagb-button__wrapper\"><a class=\"uagb-buttons-repeater wp-block-button__link\" aria-label=\"\" href=\"#\" rel=\"follow noopener\" target=\"_self\" role=\"button\"><div class=\"uagb-button__link\">Formulario de Inscripci\u00f3n<\/div><\/a><\/div><\/div>\n<\/div><\/div>\n\n\n\n<p class=\"has-small-font-size\" style=\"margin-top:var(--wp--preset--spacing--10);margin-bottom:var(--wp--preset--spacing--10)\"><strong>DISERTANTE:<\/strong><\/p>\n\n\n\n<div class=\"wp-block-columns is-layout-flex wp-container-core-columns-is-layout-28f84493 wp-block-columns-is-layout-flex\">\n<div class=\"wp-block-column is-layout-flow wp-block-column-is-layout-flow\" style=\"flex-basis:33%\">\n<figure class=\"wp-block-image size-full is-resized\" style=\"margin-top:var(--wp--preset--spacing--10);margin-right:var(--wp--preset--spacing--10);margin-bottom:var(--wp--preset--spacing--10);margin-left:var(--wp--preset--spacing--10)\"><img loading=\"lazy\" decoding=\"async\" width=\"145\" height=\"146\" src=\"https:\/\/colmedicosantafe1.org.ar\/wp-content\/uploads\/2025\/01\/image-5.png\" alt=\"\" class=\"wp-image-2000\" style=\"width:141px;height:auto\"\/><\/figure>\n<\/div>\n\n\n\n<div class=\"wp-block-column is-layout-flow wp-block-column-is-layout-flow\" style=\"flex-basis:66.66%\">\n<p class=\"has-small-font-size\" style=\"padding-top:var(--wp--preset--spacing--20);padding-bottom:var(--wp--preset--spacing--20)\">Dra. Maria Andrea Uboldi<br>M\u00e9dica, pediatra, infect\u00f3loga.\u2028Ex Asesora de la Presidencia de la C\u00e1mara de Diputados de la Provincia de Santa Fe,<br>Ex Ministra de Salud de Santa Fe,<br>Secretaria de salud del Ministerio de Salud de santa Fe,<br>Integrante de la Comisi\u00f3n Nacional de Inmunizaciones (Co.Na.In<\/p>\n<\/div>\n<\/div>\n","protected":false},"excerpt":{"rendered":"<p>El pr\u00f3ximo 15 de agosto el Colegio de M\u00e9dicos de Santa Fe organiza un encuentro webinario donde se abordar\u00e1 el tema: Hablemos sobre Qdenga: todo sobre vacuna contra el dengue. La disertaci\u00f3n estar\u00e1 a cargo de la Dra. Maria Andrea Uboldi. Ser\u00e1 a trav\u00e9s de la plataforma Zoom de nuestra instituci\u00f3n. Acceso libre con inscripci\u00f3n [&hellip;]<\/p>\n","protected":false},"author":1,"featured_media":1985,"comment_status":"open","ping_status":"open","sticky":false,"template":"wp-custom-template-webinarios","format":"standard","meta":{"_uag_custom_page_level_css":"","_jetpack_memberships_contains_paid_content":false,"footnotes":""},"categories":[29],"tags":[],"class_list":["post-1984","post","type-post","status-publish","format-standard","has-post-thumbnail","hentry","category-webinarios"],"jetpack_sharing_enabled":true,"jetpack_featured_media_url":"https:\/\/colmedicosantafe1.org.ar\/wp-content\/uploads\/2025\/01\/vacuna-Qdenga-1.png","uagb_featured_image_src":{"full":["https:\/\/colmedicosantafe1.org.ar\/wp-content\/uploads\/2025\/01\/vacuna-Qdenga-1.png",753,739,false],"thumbnail":["https:\/\/colmedicosantafe1.org.ar\/wp-content\/uploads\/2025\/01\/vacuna-Qdenga-1.png",150,147,false],"medium":["https:\/\/colmedicosantafe1.org.ar\/wp-content\/uploads\/2025\/01\/vacuna-Qdenga-1.png",300,294,false],"medium_large":["https:\/\/colmedicosantafe1.org.ar\/wp-content\/uploads\/2025\/01\/vacuna-Qdenga-1.png",753,739,false],"large":["https:\/\/colmedicosantafe1.org.ar\/wp-content\/uploads\/2025\/01\/vacuna-Qdenga-1.png",753,739,false],"1536x1536":["https:\/\/colmedicosantafe1.org.ar\/wp-content\/uploads\/2025\/01\/vacuna-Qdenga-1.png",753,739,false],"2048x2048":["https:\/\/colmedicosantafe1.org.ar\/wp-content\/uploads\/2025\/01\/vacuna-Qdenga-1.png",753,739,false]},"uagb_author_info":{"display_name":"admin","author_link":"https:\/\/colmedicosantafe1.org.ar\/?author=1"},"uagb_comment_info":0,"uagb_excerpt":"El pr\u00f3ximo 15 de agosto el Colegio de M\u00e9dicos de Santa Fe organiza un encuentro webinario donde se abordar\u00e1 el tema: Hablemos sobre Qdenga: todo sobre vacuna contra el dengue. La disertaci\u00f3n estar\u00e1 a cargo de la Dra. Maria Andrea Uboldi. Ser\u00e1 a trav\u00e9s de la plataforma Zoom de nuestra instituci\u00f3n. Acceso libre con inscripci\u00f3n&hellip;","_links":{"self":[{"href":"https:\/\/colmedicosantafe1.org.ar\/index.php?rest_route=\/wp\/v2\/posts\/1984","targetHints":{"allow":["GET"]}}],"collection":[{"href":"https:\/\/colmedicosantafe1.org.ar\/index.php?rest_route=\/wp\/v2\/posts"}],"about":[{"href":"https:\/\/colmedicosantafe1.org.ar\/index.php?rest_route=\/wp\/v2\/types\/post"}],"author":[{"embeddable":true,"href":"https:\/\/colmedicosantafe1.org.ar\/index.php?rest_route=\/wp\/v2\/users\/1"}],"replies":[{"embeddable":true,"href":"https:\/\/colmedicosantafe1.org.ar\/index.php?rest_route=%2Fwp%2Fv2%2Fcomments&post=1984"}],"version-history":[{"count":13,"href":"https:\/\/colmedicosantafe1.org.ar\/index.php?rest_route=\/wp\/v2\/posts\/1984\/revisions"}],"predecessor-version":[{"id":2009,"href":"https:\/\/colmedicosantafe1.org.ar\/index.php?rest_route=\/wp\/v2\/posts\/1984\/revisions\/2009"}],"wp:featuredmedia":[{"embeddable":true,"href":"https:\/\/colmedicosantafe1.org.ar\/index.php?rest_route=\/wp\/v2\/media\/1985"}],"wp:attachment":[{"href":"https:\/\/colmedicosantafe1.org.ar\/index.php?rest_route=%2Fwp%2Fv2%2Fmedia&parent=1984"}],"wp:term":[{"taxonomy":"category","embeddable":true,"href":"https:\/\/colmedicosantafe1.org.ar\/index.php?rest_route=%2Fwp%2Fv2%2Fcategories&post=1984"},{"taxonomy":"post_tag","embeddable":true,"href":"https:\/\/colmedicosantafe1.org.ar\/index.php?rest_route=%2Fwp%2Fv2%2Ftags&post=1984"}],"curies":[{"name":"wp","href":"https:\/\/api.w.org\/{rel}","templated":true}]}}