{"id":6090,"date":"2026-04-07T09:01:49","date_gmt":"2026-04-07T12:01:49","guid":{"rendered":"https:\/\/colmedicosantafe1.org.ar\/?post_type=jobpost&#038;p=6090"},"modified":"2026-04-07T09:01:51","modified_gmt":"2026-04-07T12:01:51","slug":"medico-a-psiquiatra-convocatoria-del-sector-salud-mental-del-hospital-dr-orlando-alassia-santa-fe","status":"publish","type":"jobpost","link":"https:\/\/colmedicosantafe1.org.ar\/?jobpost=medico-a-psiquiatra-convocatoria-del-sector-salud-mental-del-hospital-dr-orlando-alassia-santa-fe","title":{"rendered":"M\u00e9dico\/a Psiquiatra &#8211; Convocatoria del Sector Salud Mental del Hospital Dr. Orlando Alassia &#8211; Santa Fe"},"content":{"rendered":"\n<p><strong>Oferta laboral:<\/strong><\/p>\n\n\n\n<p><strong>Prestaci\u00f3n de servicio de 24 horas semanales para cubrir reemplazo entre mayo y octubre del corriente a\u00f1o<\/strong><\/p>\n\n\n\n<div style=\"height:15px\" aria-hidden=\"true\" class=\"wp-block-spacer\"><\/div>\n\n\n\n<p><strong>Requisitos:<\/strong><br>1- M\u00e9dico Psiquiatra con perfil en manejo de situaciones infantojuveniles en internaci\u00f3n y atenci\u00f3n ambulatoria<br>2- Disponibilidad horaria<br>3- Predisposici\u00f3n para el trabajo en equipo y abordajes interdisciplinarios<\/p>\n\n\n\n<div style=\"height:15px\" aria-hidden=\"true\" class=\"wp-block-spacer\"><\/div>\n\n\n\n<p><strong>Funciones :<\/strong><br>1- Brindar asistencia cl\u00ednica general a los pacientes internados y seguimiento en consultorio<br>2- Trabajar de manera arm\u00f3nica con los diferentes actores del sistema de salud a nivel institucional<\/p>\n\n\n\n<div style=\"height:15px\" aria-hidden=\"true\" class=\"wp-block-spacer\"><\/div>\n\n\n\n<p><strong>Interesados:<\/strong><br>Presentar CV y antecedentes hasta el 14 de abril en RRHH del Hospital Alassia o Secretar\u00eda de Salud Mental<br><strong>Lunes a Viernes de 08:30 a 12:30 hs.<\/strong><\/p>\n\n\n\n<div style=\"height:15px\" aria-hidden=\"true\" class=\"wp-block-spacer\"><\/div>\n\n\n\n<p><strong>Consultas:<\/strong> Tel: 4505900 internos: 5925 (Sector Salud Mental)<\/p>\n\n\n\n<div style=\"height:15px\" aria-hidden=\"true\" class=\"wp-block-spacer\"><\/div>\n\n\n\n<p><strong>Entrevista:<br>FECHA: 20 al 24 de abril<\/strong><\/p>\n\n\n\n<div style=\"height:15px\" aria-hidden=\"true\" class=\"wp-block-spacer\"><\/div>\n\n\n\n<ul class=\"wp-block-list\">\n<li>El proceso de selecci\u00f3n y escalafonamiento se determinar\u00e1 seg\u00fan el n\u00famero de interesados por CV y entrevista.<\/li>\n\n\n\n<li>Equipo integrante de selecci\u00f3n:\n<ul class=\"wp-block-list\">\n<li>Jefatura de Salud Mental <\/li>\n\n\n\n<li>Jefatura de RRHH<\/li>\n\n\n\n<li>Direcci\u00f3n y Subdirecci\u00f3n del Hospital<\/li>\n<\/ul>\n<\/li>\n<\/ul>\n\n\n\n<div style=\"height:15px\" aria-hidden=\"true\" class=\"wp-block-spacer\"><\/div>\n\n\n\n<p><\/p>\n","protected":false},"excerpt":{"rendered":"<p>Oferta laboral: Prestaci\u00f3n de servicio de 24 horas semanales para cubrir reemplazo entre mayo y octubre del corriente a\u00f1o Requisitos:1- M\u00e9dico Psiquiatra con perfil en manejo de situaciones infantojuveniles en internaci\u00f3n y atenci\u00f3n ambulatoria2- Disponibilidad horaria3- Predisposici\u00f3n para el trabajo en equipo y abordajes interdisciplinarios Funciones :1- Brindar asistencia cl\u00ednica general a los pacientes internados [&hellip;]<\/p>\n","protected":false},"author":1,"featured_media":0,"menu_order":0,"template":"","jobpost_category":[25],"jobpost_job_type":[],"jobpost_location":[],"jobpost_tag":[],"class_list":["post-6090","jobpost","type-jobpost","status-publish","hentry","jobpost_category-prov-de-santa-fe"],"jetpack_sharing_enabled":true,"uagb_featured_image_src":{"full":false,"thumbnail":false,"medium":false,"medium_large":false,"large":false,"1536x1536":false,"2048x2048":false},"uagb_author_info":{"display_name":"admin","author_link":"https:\/\/colmedicosantafe1.org.ar\/?author=1"},"uagb_comment_info":0,"uagb_excerpt":"Oferta laboral: Prestaci\u00f3n de servicio de 24 horas semanales para cubrir reemplazo entre mayo y octubre del corriente a\u00f1o Requisitos:1- M\u00e9dico Psiquiatra con perfil en manejo de situaciones infantojuveniles en internaci\u00f3n y atenci\u00f3n ambulatoria2- Disponibilidad horaria3- Predisposici\u00f3n para el trabajo en equipo y abordajes interdisciplinarios Funciones :1- Brindar asistencia cl\u00ednica general a los pacientes internados&hellip;","_links":{"self":[{"href":"https:\/\/colmedicosantafe1.org.ar\/index.php?rest_route=\/wp\/v2\/jobpost\/6090","targetHints":{"allow":["GET"]}}],"collection":[{"href":"https:\/\/colmedicosantafe1.org.ar\/index.php?rest_route=\/wp\/v2\/jobpost"}],"about":[{"href":"https:\/\/colmedicosantafe1.org.ar\/index.php?rest_route=\/wp\/v2\/types\/jobpost"}],"author":[{"embeddable":true,"href":"https:\/\/colmedicosantafe1.org.ar\/index.php?rest_route=\/wp\/v2\/users\/1"}],"wp:attachment":[{"href":"https:\/\/colmedicosantafe1.org.ar\/index.php?rest_route=%2Fwp%2Fv2%2Fmedia&parent=6090"}],"wp:term":[{"taxonomy":"jobpost_category","embeddable":true,"href":"https:\/\/colmedicosantafe1.org.ar\/index.php?rest_route=%2Fwp%2Fv2%2Fjobpost_category&post=6090"},{"taxonomy":"jobpost_job_type","embeddable":true,"href":"https:\/\/colmedicosantafe1.org.ar\/index.php?rest_route=%2Fwp%2Fv2%2Fjobpost_job_type&post=6090"},{"taxonomy":"jobpost_location","embeddable":true,"href":"https:\/\/colmedicosantafe1.org.ar\/index.php?rest_route=%2Fwp%2Fv2%2Fjobpost_location&post=6090"},{"taxonomy":"jobpost_tag","embeddable":true,"href":"https:\/\/colmedicosantafe1.org.ar\/index.php?rest_route=%2Fwp%2Fv2%2Fjobpost_tag&post=6090"}],"curies":[{"name":"wp","href":"https:\/\/api.w.org\/{rel}","templated":true}]}}